{"id":75480,"date":"2024-12-14T10:29:00","date_gmt":"2024-12-14T16:29:00","guid":{"rendered":"https:\/\/zonaroja.com.mx\/?p=75480"},"modified":"2024-12-14T07:32:11","modified_gmt":"2024-12-14T13:32:11","slug":"morenistas-lideres-del-poder-legislativo-se-acusan-de-corrupcion","status":"publish","type":"post","link":"https:\/\/zonaroja.com.mx\/?p=75480","title":{"rendered":"Morenistas l\u00edderes del Poder Legislativo se acusan de corrupci\u00f3n\u00a0"},"content":{"rendered":"\n<p>Redacci\u00f3n\/Zona Roja Cdmx.<\/p>\n\n\n\n<p>Ciudad de M\u00e9xico, a 14 de diciembre de 2024.- En el contexto del recorte de 123 millones de pesos que la C\u00e1mara de Diputados hizo al presupuesto del Senado para el 2025, el presidente de la Junta de Coordinaci\u00f3n Pol\u00edtica del Senado (Jucopo), el morenista Ad\u00e1n Augusto L\u00f3pez, revel\u00f3 que detectaron dos contratos fraudulentos, \u201cdos negocitos ya a\u00f1ejos\u201d por m\u00e1s de 150 millones de pesos que ya rescindieron y les permitir\u00e1n compensar esa reducci\u00f3n presupuestal.<\/p>\n\n\n\n<p>Revel\u00f3 asimismo que presentar\u00e1 pr\u00f3ximamente \u201ctres o cuatro contratos m\u00e1s donde tambi\u00e9n se simulaban prestaciones de servicios al Senado de la Rep\u00fablica\u201d.<\/p>\n\n\n\n<p>Al final y cuestionado si los contratos irregulares provienen de la legislatura pasada en que el titular de la Jucopo fue su compa\u00f1ero de partido, Ricardo Moneral, el tabasque\u00f1o respondi\u00f3 que no se\u00f1ala a nadie y lo que s\u00ed hizo ya fue presentar denuncias ante la Fiscal\u00eda General de la Rep\u00fablica (FGR), la Funci\u00f3n P\u00fablica y la Auditor\u00eda Superior de la Federaci\u00f3n, por presuntas irregularidades en dos contratos, uno por 60 millones, supuestamente para el manejo del Archivo y otro por m\u00e1s de 90, relacionado con el servicio a los elevadores.<\/p>\n\n\n\n<p>Antes, desde tribuna, el tambi\u00e9n coordinador de Morena explic\u00f3 que varios legisladores le expresaron preocupaci\u00f3n por el recorte que la colegisladora determin\u00f3 al proyecto de Presupuesto de la Federaci\u00f3n del pr\u00f3ximo a\u00f1o, en que el ejecutivo propuso 5 mil 207 millones de pesos y \u201cen la madrugada de ayer los diputados le recortaron 123 millones de pesos. \u201cNo aument\u00f3 ni siquiera en t\u00e9rminos de la inflaci\u00f3n, sino que sufri\u00f3 una reducci\u00f3n\u201d.<\/p>\n\n\n\n<p>Agreg\u00f3 que entiende que es momento de \u201capretarse el cintur\u00f3n\u201d y adem\u00e1s de que firmaron ya un convenio con los trabajadores de limpieza y mantenimiento, a los que sacaron del outsourcing, lo que permitir\u00e1 al Senado mejorar su salario en m\u00e1s del 50 por ciento y ahorrar 80 millones de pesos, \u201cse inici\u00f3 ya el proceso para eliminar \u201cdos negocitos ya a\u00f1ejos\u201d.<\/p>\n\n\n\n<p>Uno, con una empresa a la que el Senado anualmente beneficiaba \u201ccon un poquito m\u00e1s de 60 millones 529 mil pesos, para la prestaci\u00f3n de la administraci\u00f3n de los archivos del Senado de la Rep\u00fablica\u201d.<\/p>\n\n\n\n<p>Se presentaron ya las denuncias correspondientes y se investigue \u201cpor qu\u00e9 la administraci\u00f3n del archivo consist\u00eda en mantener papeler\u00eda diversa en una bodega en el estado de Hidalgo, de la cual vamos a hacer incluso del conocimiento de las autoridades la ubicaci\u00f3n precisa\u201d.<\/p>\n\n\n\n<p>La empresa, detall\u00f3, se llama Full Services de M\u00e9xico, y no existe en los archivos del Senado ning\u00fan antecedente, m\u00e1s all\u00e1 del nombre y del contrato firmado sucesivamente a\u00f1o por a\u00f1o en este Senado de la Rep\u00fablica\u201d.<\/p>\n\n\n\n<p>Adem\u00e1s, inform\u00f3 a la asamblea que se inici\u00f3 el procedimiento de rescisi\u00f3n de un contrato multianual que importa la cantidad de 90 millones 427 mil 500 pesos a una compa\u00f1\u00eda denominada Grupo Piasa, supuestamente a cargo de los elevadores, que no funciona. Hizo notar que ayer mismo, dos senadoras quedaron atrapadas en un ascensor.<\/p>\n\n\n\n<p>\u201cY vamos a presentar las denuncias correspondientes para que informen al Senado de la Rep\u00fablica y para que todos los mexicanos sepamos qui\u00e9n es la empresa\u201d.<\/p>\n\n\n\n<p>El senador L\u00f3pez Hern\u00e1ndez, recalc\u00f3: \u201cEsa es tambi\u00e9n nuestra aportaci\u00f3n, que se vayan terminando todos los vicios, porque as\u00edn no importa la reducci\u00f3n del presupuesto. Va a alcanzar para todo\u201d, concluy\u00f3 entre aplausos de su bancada.<\/p>\n\n\n\n<p>RESPONDE MONREAL<\/p>\n\n\n\n<p>El presidente de la Junta de Coordinaci\u00f3n Pol\u00edtica (Jucopo) de la C\u00e1mara de Diputados, Ricardo Monreal \u00c1vila, respondi\u00f3 a los \u201cinfundios\u201d de su correligionario morenista y hom\u00f3logo del Senado, Ad\u00e1n Augusto L\u00f3pez Hern\u00e1ndez, y asegur\u00f3 que no hubo irregularidades en la gesti\u00f3n del presupuesto senatorial mientras \u00e9l estuvo al frente de dicho \u00f3rgano legislativo.<\/p>\n\n\n\n<p>En un video de m\u00e1s de 5 minutos que public\u00f3 en sus redes sociales, Monreal se\u00f1al\u00f3 en primer lugar que \u201cno hubo recorte alguno en el Senado de la Rep\u00fablica, se increment\u00f3 en 3 por ciento con respecto al ejercicio que est\u00e1 concluyendo; incluso, sobre este aumento, estaba enterado el senador Ad\u00e1n Augusto, quien hace dos d\u00edas me contest\u00f3 que ellos sal\u00edan con 100 millones de pesos (mdp) m\u00e1s, y se aprobaron 150 mdp m\u00e1s, el 3 por ciento de su presupuesto\u201d.<\/p>\n\n\n\n<p>El coordinador de la bancada guinda en San L\u00e1zaro enfatiz\u00f3: \u201cantes de aprobarse, \u00e9l (L\u00f3pez Hern\u00e1ndez) sab\u00eda perfectamente lo que conten\u00eda y expres\u00f3 su benepl\u00e1cito con tal cantidad. Inclusive, recordamos \u00e9l y yo el fideicomiso del que dispone el Senado por m\u00e1s de mil mdp, que desde la construcci\u00f3n del edificio est\u00e1n a disposici\u00f3n de esa c\u00e1mara y que, siendo yo l\u00edder de la c\u00e1mara (de senadores), no dispuse, y que cada a\u00f1o se incrementa con los intereses\u201d.<\/p>\n\n\n\n<p>Monreal aventur\u00f3 que \u201cese es el origen, quiz\u00e1, de los infundios y de las falsedades, que hoy en tribuna se expresaron en contra de la administraci\u00f3n que encabec\u00e9\u201d, al tiempo que lament\u00f3 que \u201cla adversidad y la mala fe\u201d que enfrent\u00f3 de sus rivales pol\u00edticos en otros momentos, \u201choy vienen de parte de correligionarios, pero de donde provengan les har\u00e9 frente con la verdad\u201d.<\/p>\n\n\n\n<p>Por otra parte, Monreal indic\u00f3 que se le acusa por la \u201cpresunta administraci\u00f3n indebida o irregular de archivos y su reglamentaci\u00f3n o su cuidado por 60 mdp, que se presentaron de manera irregular, a juicio del denunciante\u201d, as\u00ed como de contratos por 90 mdp relacionados con los elevadores del Senado.<\/p>\n\n\n\n<p>\u201cEn ambos casos, existen licitaciones p\u00fablicas, pero no s\u00f3lo: hay tambi\u00e9n hay auditor\u00edas solicitadas personalmente por m\u00ed. Ah\u00ed est\u00e1n los oficios y los resultados de ellas. Precisamente lo hice en previsi\u00f3n de que, en un futuro, pudieran surgir este tipo de perversidades pol\u00edticas\u201d, se\u00f1al\u00f3 Monreal en el video, en el cual se proyectaron im\u00e1genes de los documentos referidos.<\/p>\n\n\n\n<p>(Informaci\u00f3n de \u201cLa Jornada\u201d)<\/p>\n","protected":false},"excerpt":{"rendered":"<p>Redacci\u00f3n\/Zona Roja Cdmx. Ciudad de M\u00e9xico, a 14 de diciembre de 2024.- En el contexto&hellip;<\/p>\n","protected":false},"author":2,"featured_media":75481,"comment_status":"closed","ping_status":"open","sticky":false,"template":"","format":"standard","meta":{"_lmt_disableupdate":"","_lmt_disable":"","_jetpack_memberships_contains_paid_content":false,"footnotes":""},"categories":[109,47],"tags":[3288,583],"class_list":["post-75480","post","type-post","status-publish","format-standard","has-post-thumbnail","hentry","category-minuto-a-minuto","category-zona-gris","tag-adan-augusto-lopez","tag-ricardo-monreal"],"jetpack_featured_media_url":"https:\/\/zonaroja.com.mx\/wp-content\/uploads\/2024\/12\/Adan-Augusto-Lopez.png.webp","jetpack_sharing_enabled":true,"_links":{"self":[{"href":"https:\/\/zonaroja.com.mx\/index.php?rest_route=\/wp\/v2\/posts\/75480","targetHints":{"allow":["GET"]}}],"collection":[{"href":"https:\/\/zonaroja.com.mx\/index.php?rest_route=\/wp\/v2\/posts"}],"about":[{"href":"https:\/\/zonaroja.com.mx\/index.php?rest_route=\/wp\/v2\/types\/post"}],"author":[{"embeddable":true,"href":"https:\/\/zonaroja.com.mx\/index.php?rest_route=\/wp\/v2\/users\/2"}],"replies":[{"embeddable":true,"href":"https:\/\/zonaroja.com.mx\/index.php?rest_route=%2Fwp%2Fv2%2Fcomments&post=75480"}],"version-history":[{"count":1,"href":"https:\/\/zonaroja.com.mx\/index.php?rest_route=\/wp\/v2\/posts\/75480\/revisions"}],"predecessor-version":[{"id":75482,"href":"https:\/\/zonaroja.com.mx\/index.php?rest_route=\/wp\/v2\/posts\/75480\/revisions\/75482"}],"wp:featuredmedia":[{"embeddable":true,"href":"https:\/\/zonaroja.com.mx\/index.php?rest_route=\/wp\/v2\/media\/75481"}],"wp:attachment":[{"href":"https:\/\/zonaroja.com.mx\/index.php?rest_route=%2Fwp%2Fv2%2Fmedia&parent=75480"}],"wp:term":[{"taxonomy":"category","embeddable":true,"href":"https:\/\/zonaroja.com.mx\/index.php?rest_route=%2Fwp%2Fv2%2Fcategories&post=75480"},{"taxonomy":"post_tag","embeddable":true,"href":"https:\/\/zonaroja.com.mx\/index.php?rest_route=%2Fwp%2Fv2%2Ftags&post=75480"}],"curies":[{"name":"wp","href":"https:\/\/api.w.org\/{rel}","templated":true}]}}