{"id":75483,"date":"2024-12-14T09:32:00","date_gmt":"2024-12-14T15:32:00","guid":{"rendered":"https:\/\/zonaroja.com.mx\/?p=75483"},"modified":"2024-12-14T07:34:51","modified_gmt":"2024-12-14T13:34:51","slug":"garduno-acusa-solalinde-pollero-de-dios-este-revira-4t-nunca-llego-al-inm","status":"publish","type":"post","link":"https:\/\/zonaroja.com.mx\/?p=75483","title":{"rendered":"Gardu\u00f1o acusa: Solalinde, \u201cpollero de Dios\u201d; \u00e9ste revira: 4T nunca lleg\u00f3 al INM"},"content":{"rendered":"\n<p>Redacci\u00f3n\/Zona Roja Cdmx.<\/p>\n\n\n\n<p>Ciudad de M\u00e9xico, a 14 de diciembre de 2024.- En su \u00faltimo d\u00eda al frente del Instituto Nacional de Migraci\u00f3n (INM), Francisco Gardu\u00f1o acus\u00f3 al sacerdote Alejandro Solalinde de promover caravanas migrantes hacia Estados Unidos y ser \u201cpollero de Dios\u201d, a lo que el activista respondi\u00f3 que las acusaciones son porque le ha se\u00f1alado una mala gesti\u00f3n al frente de ese instituto.<\/p>\n\n\n\n<p>El funcionario, adem\u00e1s, agreg\u00f3 que Solalinde critica que hay inseguridad para indocumentados, pero no hace nada por ayudarlos.<\/p>\n\n\n\n<p>\u201cMe atrevo a decir que el propio padre Solalinde es el pollero de Dios, nada m\u00e1s con eso; porque promueve las caravanas. Lamentan el trato que se les da (los migrantes), pero no hacen nada para tratar de resolver su problema\u201d, acus\u00f3 al ser entrevistado al salir de la Asamblea General del IMSS.<\/p>\n\n\n\n<p>Luego de estas declaraciones y pese a que estuvo fuera del ojo p\u00fablico por varios meses, el padre Solalinde reaccion\u00f3 a los comentarios de Gardu\u00f1o y asegur\u00f3 que \u201cs\u00ed soy hombre de Dios, pero no soy pollero; Francisco Gardu\u00f1o miente y si tiene pruebas, que las presente\u201d.<\/p>\n\n\n\n<p>\u00abMe atrevo a decir que el propio padre Solalinde es el pollero de Dios, nada m\u00e1s con eso; porque promueve las caravanas. Lamentan el trato que se les da (los migrantes), pero no hacen nada para tratar de resolver su problema\u00bb, dijo.<\/p>\n\n\n\n<p>Agreg\u00f3 que \u201cjam\u00e1s\u201d ha lucrado con los migrantes, pues ha arriesgado su vida para proteger a las personas, incluso, indic\u00f3 que tiene dos cuentas; una en la que le deposita su familia y otra del Bienestar, pero esos recursos los comparte con las familias migrantes.<\/p>\n\n\n\n<p>En entrevista con La Raz\u00f3n calific\u00f3 como \u201cmala\u201d la gesti\u00f3n de Gardu\u00f1o al frente de la dependencia, pues aclar\u00f3 que \u201cnunca lleg\u00f3\u201d la 4T al INM, pues fue r\u00edgida, cerrada, no escuch\u00f3 las sugerencias e, incluso, no escuch\u00f3 al propio Andr\u00e9s Manuel L\u00f3pez Obrador, porque instruy\u00f3 que hubiera cambios y no lo hizo.<\/p>\n\n\n\n<p>El tambi\u00e9n activista pro derechos humanos sostuvo que siempre estuvo en contra de las caravanas porque son un instrumento para hacer pagos a la organizaci\u00f3n Pueblo sin Fronteras para crearlas, y aclar\u00f3 que los \u00e9xodos son s\u00f3lo un instrumento para desestabilizar a M\u00e9xico.<\/p>\n\n\n\n<p>Se\u00f1al\u00f3 que tuvo di\u00e1logo con Gardu\u00f1o en estos a\u00f1os, y sab\u00eda que hab\u00eda una necesidad de cambiar a la dependencia, pero precis\u00f3 que no lo quiso hacer e incluso, pese a que le pidi\u00f3 que renunciara, no lo hizo, debido a la mala gesti\u00f3n que estaba llevando a cabo.<\/p>\n\n\n\n<p>\u201cLe dije que hiciera cambios o renunciara, me dijo que no iba a hacerlo; todo el tiempo lo cuestion\u00e9, incluso en las conferencias nacionales de migraci\u00f3n\u201d, agreg\u00f3.<\/p>\n\n\n\n<p>Dijo que en marzo de 2023 estuvo con el entonces Presidente L\u00f3pez Obrador para se\u00f1alarle sobre los cambios que se ten\u00edan que hacer en el INM, por ello, el Ejecutivo le instruy\u00f3 a hacerlos en conjunto con Francisco Gardu\u00f1o, sin embargo, \u00e9ste nunca lo recibi\u00f3 en sus oficinas, a pesar de que lo esper\u00f3.<\/p>\n\n\n\n<p>Despu\u00e9s de ello, 11 d\u00edas despu\u00e9s fue el incidente en el centro de detenci\u00f3n de Ciudad Ju\u00e1rez, Chihuahua que cobr\u00f3 la vida de 40 personas migrantes, pero Alejandro Solalinde lo responsabiliz\u00f3 porque, dichos cambios, no se llevaron a cabo; adem\u00e1s que fue una instrucci\u00f3n directa de \u00e9l los sucesos ocurridos.<\/p>\n\n\n\n<p>\u201c\u00c9l fue quien dijo que las estaciones migratorias fueran c\u00e1rceles, yo lo vi en la de La Ventosa, donde siendo un espacio muy peque\u00f1o, lo mand\u00f3 cerrar y s\u00f3lo puso un respiradero y barrotes, pero se le dijo en su momento, ya que parec\u00edan c\u00e1rceles\u201d, dijo.<\/p>\n\n\n\n<p>Asegur\u00f3 que despu\u00e9s de esos hechos, acudi\u00f3 a Palacio Nacional a presentar su renuncia, pero el entonces mandatario federal le dijo que no, \u201chasta que arregles esto\u201d, lo que significaba reparaci\u00f3n del da\u00f1o. \u201c\u00c9l ten\u00eda que arreglar todo y estuvo yendo a firmar cada 15 d\u00edas hasta que termin\u00f3\u201d.<\/p>\n\n\n\n<p>El sacerdote tambi\u00e9n indic\u00f3 que en marzo de 2019 se deslind\u00f3 de Irineo Mujica, director de Pueblo sin Fronteras, debido a que le qued\u00f3 claro que ellos estaban trabajando para otras personas, y su labor en tiempos electorales era trasladar a las caravanas a la frontera norte.<\/p>\n\n\n\n<p>\u201cHago un llamado al Poder Legislativo para que hagan un proyecto para que vivales acompa\u00f1en a las caravanas, ya que ellos s\u00ed cobran\u201d, a\u00f1adi\u00f3.<\/p>\n\n\n\n<p>Se\u00f1al\u00f3 que la molestia de Francisco Gardu\u00f1o es porque durante su gesti\u00f3n, estuvo \u201ccomo piedra en el zapato; muele y muele\u201d, aunque aclar\u00f3 que nunca le dijo nada de lo que pensaba, hasta este viernes que \u201cse destapo\u201d y dej\u00f3 claro su sentir.<\/p>\n\n\n\n<p>Y mencion\u00f3 que no quiere estar en su lugar, porque aunque implore la amistad de L\u00f3pez Obrador, el da\u00f1o que le hizo a \u00e9l y a la 4T es terrible.<\/p>\n\n\n\n<p>En su \u00faltimo d\u00eda, Francisco Gardu\u00f1o dijo que el INM atendi\u00f3 a 14 millones de migrantes que cruzaron por territorio nacional, y confirm\u00f3 que el pa\u00eds vive en una crisis humanitaria que ha sido atendida por las autoridades federales, sin embargo, aclar\u00f3 que se encuentran listos para seguir las instrucciones ante las posibles acciones de Donald Trump.<\/p>\n\n\n\n<p>Adem\u00e1s, adelant\u00f3 que acudir\u00e1 a Chiapas para visitar a Andr\u00e9s Manuel L\u00f3pez Obrador en su finca.<\/p>\n\n\n\n<p>\u00abLa Raz\u00f3n\u00bb public\u00f3 anteriormente que diversos expertos en migraci\u00f3n criticaron la gesti\u00f3n de Gardu\u00f1o, sobre todo por temas relacionados a la contenci\u00f3n hacia las personas, la falta de respuesta a su regularizaci\u00f3n y, sobre todo, por el suceso que marc\u00f3 su administraci\u00f3n; la muerte de 40 migrantes en un centro de retenci\u00f3n de Ciudad Ju\u00e1rez, Chihuahua.<\/p>\n\n\n\n<p>Francisco Gardu\u00f1o y Alejandro Solalinde han mantenido un conflicto desde el inicio de su gesti\u00f3n en el INM, pues el religioso asegura que \u00e9ste s\u00f3lo ha privilegiado las detenciones, deportaciones y contenci\u00f3n en general, violando los derechos humanos de las personas.<\/p>\n\n\n\n<p>(Informaci\u00f3n de \u201cLa Raz\u00f3n\u201d)<\/p>\n","protected":false},"excerpt":{"rendered":"<p>Redacci\u00f3n\/Zona Roja Cdmx. Ciudad de M\u00e9xico, a 14 de diciembre de 2024.- En su \u00faltimo&hellip;<\/p>\n","protected":false},"author":2,"featured_media":75484,"comment_status":"closed","ping_status":"open","sticky":false,"template":"","format":"standard","meta":{"_lmt_disableupdate":"","_lmt_disable":"","_jetpack_memberships_contains_paid_content":false,"footnotes":""},"categories":[109,47],"tags":[2073],"class_list":["post-75483","post","type-post","status-publish","format-standard","has-post-thumbnail","hentry","category-minuto-a-minuto","category-zona-gris","tag-alejandro-solalinde-guerra"],"jetpack_featured_media_url":"https:\/\/zonaroja.com.mx\/wp-content\/uploads\/2024\/12\/Alejandro-Solalinde-y-titunar-INM-Garduno.jpg.avif","jetpack_sharing_enabled":true,"_links":{"self":[{"href":"https:\/\/zonaroja.com.mx\/index.php?rest_route=\/wp\/v2\/posts\/75483","targetHints":{"allow":["GET"]}}],"collection":[{"href":"https:\/\/zonaroja.com.mx\/index.php?rest_route=\/wp\/v2\/posts"}],"about":[{"href":"https:\/\/zonaroja.com.mx\/index.php?rest_route=\/wp\/v2\/types\/post"}],"author":[{"embeddable":true,"href":"https:\/\/zonaroja.com.mx\/index.php?rest_route=\/wp\/v2\/users\/2"}],"replies":[{"embeddable":true,"href":"https:\/\/zonaroja.com.mx\/index.php?rest_route=%2Fwp%2Fv2%2Fcomments&post=75483"}],"version-history":[{"count":1,"href":"https:\/\/zonaroja.com.mx\/index.php?rest_route=\/wp\/v2\/posts\/75483\/revisions"}],"predecessor-version":[{"id":75485,"href":"https:\/\/zonaroja.com.mx\/index.php?rest_route=\/wp\/v2\/posts\/75483\/revisions\/75485"}],"wp:featuredmedia":[{"embeddable":true,"href":"https:\/\/zonaroja.com.mx\/index.php?rest_route=\/wp\/v2\/media\/75484"}],"wp:attachment":[{"href":"https:\/\/zonaroja.com.mx\/index.php?rest_route=%2Fwp%2Fv2%2Fmedia&parent=75483"}],"wp:term":[{"taxonomy":"category","embeddable":true,"href":"https:\/\/zonaroja.com.mx\/index.php?rest_route=%2Fwp%2Fv2%2Fcategories&post=75483"},{"taxonomy":"post_tag","embeddable":true,"href":"https:\/\/zonaroja.com.mx\/index.php?rest_route=%2Fwp%2Fv2%2Ftags&post=75483"}],"curies":[{"name":"wp","href":"https:\/\/api.w.org\/{rel}","templated":true}]}}