{"id":75486,"date":"2024-12-14T08:03:17","date_gmt":"2024-12-14T14:03:17","guid":{"rendered":"https:\/\/zonaroja.com.mx\/?p=75486"},"modified":"2024-12-14T08:03:19","modified_gmt":"2024-12-14T14:03:19","slug":"libertad-de-lizbeth-victoria-sinonimo-de-impunidad-familia-uruchurtu","status":"publish","type":"post","link":"https:\/\/zonaroja.com.mx\/?p=75486","title":{"rendered":"Libertad de Lizbeth Victoria, sin\u00f3nimo de impunidad: familia Uruchurtu"},"content":{"rendered":"\n<p>Ismael Garc\u00eda M.\/Zona Roja.<\/p>\n\n\n\n<p>Oaxaca de Ju\u00e1rez, Oax., a 14 de diciembre de 2024.- La familia de Claudia Uruchurtu calific\u00f3 como un acto de impunidad desde el Poder Judicial la libertad decretada para Lizbeth Victoria Huerta, acusada de desaparici\u00f3n forzada de la activista.<\/p>\n\n\n\n<p>\u201cDespu\u00e9s de casi 4 a\u00f1os de luchar por alcanzar la justicia por la desaparici\u00f3n de nuestra hermana Claudia Uruchurtu Cruz, hoy 13 de diciembre de 2024, al notificarnos la resoluci\u00f3n de segunda instancia dentro de la causa penal 203\/2021, nos damos cuenta que esto no es posible en un Estado como Oaxaca y en un pa\u00eds como M\u00e9xico\u201d, expusieron en un comunicado.<\/p>\n\n\n\n<p>Agregaron:<\/p>\n\n\n\n<p>\u201cAmamos nuestro pa\u00eds de origen, quisimos creer que los Tribunales pod\u00edan ser imparciales y garantizar su independencia del Poder Ejecutivo, y hoy nos damos cuenta que s\u00f3lo fue un ideal y no una realidad.<\/p>\n\n\n\n<p>\u201cHoy 13 de diciembre del 2024, ser\u00e1 una fecha simb\u00f3lica de c\u00f3mo en Oaxaca la Sala de Justicia Ind\u00edgena y Quinta Sala Penal Colegiada del Tribunal Superior de Justicia del Estado de Oaxaca, han decidido modificar a modo la sentencia dictada en contra de Lizbeth Victoria Huerta, Nelci Yanet o Nelci Yanex V\u00e1squez Jim\u00e9nez y Juan Antonio Hern\u00e1ndez Mart\u00ednez, para facilitar su libertad y tender un manto de impunidad por la desaparici\u00f3n forzada de nuestra hermana Claudia Uruchurtu Cruz\u201d.<\/p>\n\n\n\n<p>Expusieron que sobre la conciencia de Margarita Leonor Gopar P\u00e9rez, Luis Enrique Cordero Aguilar y Abraham Isaac Soriano Reyes, magistrada y magistrados que decidieron modificar la sentencia, pesar\u00e1 esta decisi\u00f3n, \u201cque marca la historia de Oaxaca y muestra c\u00f3mo se privilegia la injusticia sobre<\/p>\n\n\n\n<p>la verdad, la opacidad sobre el dolor de las v\u00edctimas, la omisi\u00f3n de aplicar los est\u00e1ndares internacionales de derechos humanos sobre una interpretaci\u00f3n limitada\u201d.<\/p>\n\n\n\n<p>A\u00f1adieron que no se puede esperar menos de la magistrada que meses atr\u00e1s era parte de la Consejer\u00eda y de un magistrado que dice que cuenta con perspectiva de g\u00e9nero, perspectiva pluralista y que busca ser premiado con un cargo de ministro.<\/p>\n\n\n\n<p>\u201cEs muy lamentable que la administraci\u00f3n de justicia est\u00e9 en manos de estas personas, y de Berenice Ram\u00edrez Jim\u00e9nez, una presidenta que dice defender los derechos de las mujeres, promover las \u00f3rdenes de protecci\u00f3n las 24 horas, los 365 d\u00edas del a\u00f1o en Oaxaca, cuando no es capaz de garantizar que en el poder judicial se administre justicia correctamente a las mujeres que son v\u00edctimas de desaparici\u00f3n forzada\u201d.<\/p>\n\n\n\n<p>Aseguraron que dicha determinaci\u00f3n no detendr\u00e1 la exigencia de la familia a favor de la verdad, justicia y reparaci\u00f3n; \u201cseguiremos luchando para<\/p>\n\n\n\n<p>acceder a la justicia\u201d.<\/p>\n","protected":false},"excerpt":{"rendered":"<p>Ismael Garc\u00eda M.\/Zona Roja. Oaxaca de Ju\u00e1rez, Oax., a 14 de diciembre de 2024.- La&hellip;<\/p>\n","protected":false},"author":2,"featured_media":71920,"comment_status":"closed","ping_status":"open","sticky":false,"template":"","format":"standard","meta":{"_lmt_disableupdate":"","_lmt_disable":"","_jetpack_memberships_contains_paid_content":false,"footnotes":""},"categories":[109,46],"tags":[2582,2083],"class_list":["post-75486","post","type-post","status-publish","format-standard","has-post-thumbnail","hentry","category-minuto-a-minuto","category-zona-blanca","tag-claudia-uruchurtu-cruz","tag-lizbeth-victoria-huerta"],"jetpack_featured_media_url":"https:\/\/zonaroja.com.mx\/wp-content\/uploads\/2024\/08\/Hermanas-Uruchurtu.webp","jetpack_sharing_enabled":true,"_links":{"self":[{"href":"https:\/\/zonaroja.com.mx\/index.php?rest_route=\/wp\/v2\/posts\/75486","targetHints":{"allow":["GET"]}}],"collection":[{"href":"https:\/\/zonaroja.com.mx\/index.php?rest_route=\/wp\/v2\/posts"}],"about":[{"href":"https:\/\/zonaroja.com.mx\/index.php?rest_route=\/wp\/v2\/types\/post"}],"author":[{"embeddable":true,"href":"https:\/\/zonaroja.com.mx\/index.php?rest_route=\/wp\/v2\/users\/2"}],"replies":[{"embeddable":true,"href":"https:\/\/zonaroja.com.mx\/index.php?rest_route=%2Fwp%2Fv2%2Fcomments&post=75486"}],"version-history":[{"count":1,"href":"https:\/\/zonaroja.com.mx\/index.php?rest_route=\/wp\/v2\/posts\/75486\/revisions"}],"predecessor-version":[{"id":75490,"href":"https:\/\/zonaroja.com.mx\/index.php?rest_route=\/wp\/v2\/posts\/75486\/revisions\/75490"}],"wp:featuredmedia":[{"embeddable":true,"href":"https:\/\/zonaroja.com.mx\/index.php?rest_route=\/wp\/v2\/media\/71920"}],"wp:attachment":[{"href":"https:\/\/zonaroja.com.mx\/index.php?rest_route=%2Fwp%2Fv2%2Fmedia&parent=75486"}],"wp:term":[{"taxonomy":"category","embeddable":true,"href":"https:\/\/zonaroja.com.mx\/index.php?rest_route=%2Fwp%2Fv2%2Fcategories&post=75486"},{"taxonomy":"post_tag","embeddable":true,"href":"https:\/\/zonaroja.com.mx\/index.php?rest_route=%2Fwp%2Fv2%2Ftags&post=75486"}],"curies":[{"name":"wp","href":"https:\/\/api.w.org\/{rel}","templated":true}]}}