{"id":75493,"date":"2024-12-14T08:30:00","date_gmt":"2024-12-14T14:30:00","guid":{"rendered":"https:\/\/zonaroja.com.mx\/?p=75493"},"modified":"2024-12-14T08:24:19","modified_gmt":"2024-12-14T14:24:19","slug":"logran-trabajadores-del-stpeidceo-mesa-de-dialogo-con-gobierno","status":"publish","type":"post","link":"https:\/\/zonaroja.com.mx\/?p=75493","title":{"rendered":"Logran trabajadores del STPEIDCEO mesa de di\u00e1logo con gobierno"},"content":{"rendered":"\n<p>Raymundo Morales\/Zona Roja.<\/p>\n\n\n\n<p>Oaxaca de Ju\u00e1rez, Oax., a 14 de diciembre de 2024.- Luego de m\u00e1s de 12 horas de \u201cplant\u00f3n\u201d y protestas en el exterior del Palacio de Gobierno, afiliados al Sindicato de Trabajadores de los Poderes del Estado e Instituciones Descentralizadas de Car\u00e1cter Estatal de Oaxaca (STPEIDCEO) lograron una mesa de di\u00e1logo.<\/p>\n\n\n\n<p>Ayer por la tarde, miles de empleados de base marcharon del parque \u201cEl Llano\u201d hacia el z\u00f3calo de la capital, tras lo cual se instalar\u00f3n en \u201cplant\u00f3n\u201d en los accesos al Palacio de Gobierno, que continu\u00f3 hasta esta ma\u00f1ana.<\/p>\n\n\n\n<p>En ese lapso, no dejaron de gritar para exigir una mesa de trabajo y de presionar a su secretario General, Pedro Villalobos Castillejos, para que exigiera dicha atenci\u00f3n, a fin de que se revoque el decreto por el cual se cancelan mil 344 plazas laborales.<\/p>\n\n\n\n<p>Fue hasta la madrugada de este s\u00e1bado que lograron una reuni\u00f3n con la Secretar\u00eda de Gobierno (Sego), que se prev\u00e9 se real\u00edcele en la sede del Centro de Convenciones, ubicado en jurisdicci\u00f3n de Santa Luc\u00eda del Camino.<\/p>\n\n\n\n<p>Fue el mi\u00e9rcoles por la noche en que el Congreso del Estado aprob\u00f3 por mayor\u00eda el decreto enviado por el gobierno estatal, para extinguir dicha cantidad de bases y efectuar el despido correspondiente.<\/p>\n\n\n\n<p>Tras ello, desde el jueves y ayer se efectuaron m\u00faltiples protestas y se paralizaron las actividades gubernamentales en todas las dependencias de gobierno.<\/p>\n\n\n\n<p>Se espera que en la reuni\u00f3n de este s\u00e1bado el gobierno suspenda el decreto con la finalidad de revisar a mayor detalle las plazas extinguidas.<\/p>\n\n\n\n<figure class=\"wp-block-embed is-type-rich is-provider-twitter wp-block-embed-twitter\"><div class=\"wp-block-embed__wrapper\">\n<div class=\"twitter-tweet\"><blockquote class=\"twitter-tweet\" data-lang=\"es\"><p lang=\"es\" dir=\"ltr\">Integrantes del sindicato de bur\u00f3cratas (STPEIDCEO) amanecen en el exterior del Palacio de Gobierno de Oaxaca, en la exigencia de la anulaci\u00f3n del decreto que extingue mil 344, bases laborales; hab\u00edan logrado la firma de una minuta de trabajo, pero la rechazaron porque conten\u00eda\u2026 <a href=\"https:\/\/t.co\/FHE9Yb0n2i\">pic.twitter.com\/FHE9Yb0n2i<\/a><\/p>&mdash; Zona Roja Oaxaca (@ZonaRoja_Oaxaca) <a href=\"https:\/\/twitter.com\/ZonaRoja_Oaxaca\/status\/1867919047167459493?ref_src=twsrc%5Etfw\">14 de diciembre de 2024<\/a><\/blockquote><\/div>\n<\/div><\/figure>\n","protected":false},"excerpt":{"rendered":"<p>Raymundo Morales\/Zona Roja. Oaxaca de Ju\u00e1rez, Oax., a 14 de diciembre de 2024.- Luego de&hellip;<\/p>\n","protected":false},"author":2,"featured_media":75487,"comment_status":"closed","ping_status":"open","sticky":false,"template":"","format":"standard","meta":{"_lmt_disableupdate":"","_lmt_disable":"","_jetpack_memberships_contains_paid_content":false,"footnotes":""},"categories":[109,46],"tags":[972],"class_list":["post-75493","post","type-post","status-publish","format-standard","has-post-thumbnail","hentry","category-minuto-a-minuto","category-zona-blanca","tag-stpeidceo"],"jetpack_featured_media_url":"https:\/\/zonaroja.com.mx\/wp-content\/uploads\/2024\/12\/Protesta-burocratas-exterior-del-Palacio-de-Gobierno.jpg","jetpack_sharing_enabled":true,"_links":{"self":[{"href":"https:\/\/zonaroja.com.mx\/index.php?rest_route=\/wp\/v2\/posts\/75493","targetHints":{"allow":["GET"]}}],"collection":[{"href":"https:\/\/zonaroja.com.mx\/index.php?rest_route=\/wp\/v2\/posts"}],"about":[{"href":"https:\/\/zonaroja.com.mx\/index.php?rest_route=\/wp\/v2\/types\/post"}],"author":[{"embeddable":true,"href":"https:\/\/zonaroja.com.mx\/index.php?rest_route=\/wp\/v2\/users\/2"}],"replies":[{"embeddable":true,"href":"https:\/\/zonaroja.com.mx\/index.php?rest_route=%2Fwp%2Fv2%2Fcomments&post=75493"}],"version-history":[{"count":1,"href":"https:\/\/zonaroja.com.mx\/index.php?rest_route=\/wp\/v2\/posts\/75493\/revisions"}],"predecessor-version":[{"id":75494,"href":"https:\/\/zonaroja.com.mx\/index.php?rest_route=\/wp\/v2\/posts\/75493\/revisions\/75494"}],"wp:featuredmedia":[{"embeddable":true,"href":"https:\/\/zonaroja.com.mx\/index.php?rest_route=\/wp\/v2\/media\/75487"}],"wp:attachment":[{"href":"https:\/\/zonaroja.com.mx\/index.php?rest_route=%2Fwp%2Fv2%2Fmedia&parent=75493"}],"wp:term":[{"taxonomy":"category","embeddable":true,"href":"https:\/\/zonaroja.com.mx\/index.php?rest_route=%2Fwp%2Fv2%2Fcategories&post=75493"},{"taxonomy":"post_tag","embeddable":true,"href":"https:\/\/zonaroja.com.mx\/index.php?rest_route=%2Fwp%2Fv2%2Ftags&post=75493"}],"curies":[{"name":"wp","href":"https:\/\/api.w.org\/{rel}","templated":true}]}}