{"id":75495,"date":"2024-12-14T16:49:16","date_gmt":"2024-12-14T22:49:16","guid":{"rendered":"https:\/\/zonaroja.com.mx\/?p=75495"},"modified":"2024-12-14T16:49:18","modified_gmt":"2024-12-14T22:49:18","slug":"el-multi-primero-pide-seguridad-en-zona-triqui-y-luego-lo-impide-con-bloqueos","status":"publish","type":"post","link":"https:\/\/zonaroja.com.mx\/?p=75495","title":{"rendered":"El MULTI primero pide seguridad en zona Triqui y luego lo impide con bloqueos"},"content":{"rendered":"\n<p>Ismael Garc\u00eda M.\/Zona Roja.<\/p>\n\n\n\n<p>Oaxaca de Ju\u00e1rez, Oax., a 14 de diciembre de 2024.- Integrantes del Movimiento de Unificaci\u00f3n y Lucha Triqui Independiente (MULTI) iniciaron desde la ma\u00f1ana de este s\u00e1bado un bloqueo a vialidades a comunidades ind\u00edgenas de la zona.<\/p>\n\n\n\n<p>Lo anterior para rechazar la instalaci\u00f3n de c\u00e1maras de seguridad \u2014seg\u00fan argumenta su dirigencia\u2014, sin el consentimiento de la organizaci\u00f3n.<\/p>\n\n\n\n<p>La manifestaci\u00f3n se realiza en al menos tres tramos de vialidades locales, con direcci\u00f3n a El Carrizal, Agua Fr\u00eda Copala y Yosoyuxi Copala, donde se mantienen desde las 09:00 horas.<\/p>\n\n\n\n<p>Seg\u00fan argumentan, el pasado 24 de noviembre del presente a\u00f1o se enteraron a trav\u00e9s de una conferencia de prensa del gobierno del estado de Oaxaca sobre la instalaci\u00f3n de c\u00e1maras de seguridad en la carretera federal Concepci\u00f3n Carrizal-Agua Fr\u00eda Copala, un tramo que corresponde a su territorio.&nbsp;<\/p>\n\n\n\n<p>\u201cEsta decisi\u00f3n nos ha generado una gran extra\u00f1eza, pues en ning\u00fan momento fuimos consultados ni se nos inform\u00f3 de manera oficial sobre tal medida, lo cual consideramos una violaci\u00f3n a nuestro derecho a decidir sobre los asuntos que afectan directamente a nuestra comunidad y a nuestro territorio.<\/p>\n\n\n\n<p>\u201cEl d\u00eda de ayer, 13 de diciembre, comenzaron los trabajos de instalaci\u00f3n de las mencionadas c\u00e1maras, lo que ha generado una situaci\u00f3n de alarma entre los pobladores.&nbsp;<\/p>\n\n\n\n<p>\u201cInmediatamente, comenzamos a notar la presencia de personas ajenas a nuestra comunidad, circulando por la carretera federal, lo que nos alert\u00f3 sobre posibles intereses externos en nuestras tierras y nos ha dejado claro que se est\u00e1n vulnerando nuestra autonom\u00eda y nuestro derecho a decidir, expusieron en un comunicado.<\/p>\n\n\n\n<p>Por lo cual decidieron impedir la instalaci\u00f3n de dichas c\u00e1maras y exigir una mesa de di\u00e1logo con el gobierno estatal y federal, para aclarar la situaci\u00f3n.<\/p>\n","protected":false},"excerpt":{"rendered":"<p>Ismael Garc\u00eda M.\/Zona Roja. Oaxaca de Ju\u00e1rez, Oax., a 14 de diciembre de 2024.- Integrantes&hellip;<\/p>\n","protected":false},"author":2,"featured_media":75496,"comment_status":"closed","ping_status":"open","sticky":false,"template":"","format":"standard","meta":{"_lmt_disableupdate":"","_lmt_disable":"","_jetpack_memberships_contains_paid_content":false,"footnotes":""},"categories":[109,47],"tags":[2411],"class_list":["post-75495","post","type-post","status-publish","format-standard","has-post-thumbnail","hentry","category-minuto-a-minuto","category-zona-gris","tag-movimiento-de-unificacion-y-lucha-triqui-independiente-multi"],"jetpack_featured_media_url":"https:\/\/zonaroja.com.mx\/wp-content\/uploads\/2024\/12\/Bloqueos-zona-triqui.jpeg","jetpack_sharing_enabled":true,"_links":{"self":[{"href":"https:\/\/zonaroja.com.mx\/index.php?rest_route=\/wp\/v2\/posts\/75495","targetHints":{"allow":["GET"]}}],"collection":[{"href":"https:\/\/zonaroja.com.mx\/index.php?rest_route=\/wp\/v2\/posts"}],"about":[{"href":"https:\/\/zonaroja.com.mx\/index.php?rest_route=\/wp\/v2\/types\/post"}],"author":[{"embeddable":true,"href":"https:\/\/zonaroja.com.mx\/index.php?rest_route=\/wp\/v2\/users\/2"}],"replies":[{"embeddable":true,"href":"https:\/\/zonaroja.com.mx\/index.php?rest_route=%2Fwp%2Fv2%2Fcomments&post=75495"}],"version-history":[{"count":1,"href":"https:\/\/zonaroja.com.mx\/index.php?rest_route=\/wp\/v2\/posts\/75495\/revisions"}],"predecessor-version":[{"id":75497,"href":"https:\/\/zonaroja.com.mx\/index.php?rest_route=\/wp\/v2\/posts\/75495\/revisions\/75497"}],"wp:featuredmedia":[{"embeddable":true,"href":"https:\/\/zonaroja.com.mx\/index.php?rest_route=\/wp\/v2\/media\/75496"}],"wp:attachment":[{"href":"https:\/\/zonaroja.com.mx\/index.php?rest_route=%2Fwp%2Fv2%2Fmedia&parent=75495"}],"wp:term":[{"taxonomy":"category","embeddable":true,"href":"https:\/\/zonaroja.com.mx\/index.php?rest_route=%2Fwp%2Fv2%2Fcategories&post=75495"},{"taxonomy":"post_tag","embeddable":true,"href":"https:\/\/zonaroja.com.mx\/index.php?rest_route=%2Fwp%2Fv2%2Ftags&post=75495"}],"curies":[{"name":"wp","href":"https:\/\/api.w.org\/{rel}","templated":true}]}}