{"id":75505,"date":"2024-12-14T18:17:00","date_gmt":"2024-12-15T00:17:00","guid":{"rendered":"https:\/\/zonaroja.com.mx\/?p=75505"},"modified":"2024-12-14T17:17:58","modified_gmt":"2024-12-14T23:17:58","slug":"confirma-presidenta-sheinbaum-detencion-de-el-mini-lic","status":"publish","type":"post","link":"https:\/\/zonaroja.com.mx\/?p=75505","title":{"rendered":"Confirma Presidenta Sheinbaum detenci\u00f3n de \u201c El Mini Lic\u201d"},"content":{"rendered":"\n<p>Redacci\u00f3n\/Zona Roja Cdmx.<\/p>\n\n\n\n<p>Ciudad de M\u00e9xico, a 14 de diciembre de 2024.- La presidenta de M\u00e9xico, Claudia Sheinbaum, confirm\u00f3 este s\u00e1bado la detenci\u00f3n de Damaso L\u00f3pez, \u2018El Mini Lic\u2019, socio del narcotraficante Joaqu\u00edn \u2018El Chapo\u2019 Guzm\u00e1n, en Estados Unidos.<\/p>\n\n\n\n<p>Durante su gira por el sureste del pa\u00eds, Sheinbaum indic\u00f3 que se trata de una \u201cdetenci\u00f3n importante\u201d.<\/p>\n\n\n\n<p>A la pregunta sobre si se confirmaba la detenci\u00f3n de Damaso L\u00f3pez, la mandataria respondi\u00f3 que \u201cs\u00ed\u201d.<\/p>\n\n\n\n<p>La noche del viernes, se report\u00f3 que Damaso L\u00f3pez Serrano, conocido como \u2018el Mini Lic\u2019 fue detenido en Virginia, Estados Unidos.<\/p>\n\n\n\n<p>De acuerdo con el periodista Luis Chaparro, fuentes del FBI le confirmaron de la detenci\u00f3n del \u2018Mini Lic\u2019, quien enfrentar\u00eda cargos por tr\u00e1fico de fentanilo.<\/p>\n\n\n\n<p>\u201cExclusiva. Fuentes del FBI me confirman que Damaso L\u00f3pez Serrano, \u2018el Mini Lic\u2019 acaba de ser detenido en el \u00e1rea de Virginia por cargos de tr\u00e1fico de fentanilo\u201d, indic\u00f3 Chaparro.<\/p>\n\n\n\n<p>El \u2018Mini Lic\u2019 habr\u00eda sido detenido luego de haber estado en libertad condicional desde 2022 gracias su cooperaci\u00f3n con las autoridades de Estados Unidos.<\/p>\n\n\n\n<p>\u00bfQUI\u00c9N ES?<\/p>\n\n\n\n<p>D\u00e1maso L\u00f3pez Serrano es hijo de D\u00e1maso L\u00f3pez N\u00fa\u00f1ez, alias \u2018El Licenciado\u2019, quien fuera l\u00edder del C\u00e1rtel de Sinaloa tras la captura de Joaqu\u00edn \u2018El Chapo\u2019 Guzm\u00e1n en 2017. Ese mismo a\u00f1o, el capo de entonces 29 a\u00f1os se entreg\u00f3 a la DEA, en el puerto de entrada de Calexico West.<\/p>\n\n\n\n<p>Luego de declararse culpable por conspiraci\u00f3n para distribuir sustancias controladas, como metanfetaminas, coca\u00edna y hero\u00edna, con fines de importaci\u00f3n ilegal, en enero de 2018, fue sentenciado a seis a\u00f1os de prisi\u00f3n.<\/p>\n\n\n\n<p>En el momento de su detenci\u00f3n, el Departamento de Justicia de EU lo nombr\u00f3 como \u201cel mexicano de mayor rango del grupo que se entrega a las autoridades de Estados Unidos\u201d.<\/p>\n\n\n\n<p>Algunas versiones se\u00f1alan que el \u2018El Mini Lic\u2019 opt\u00f3 por negociar con las autoridades estadounidenses debido a que era perseguido por Ismael \u2018El Mayo\u2019 Zambada. Adem\u00e1s, de acuerdo con investigaciones, el narcotraficante manten\u00eda una guerra abierta con \u201cLos Chapitos\u201d.<\/p>\n\n\n\n<p>(Informaci\u00f3n de \u201cEl Financiero\u201d)<\/p>\n","protected":false},"excerpt":{"rendered":"<p>Redacci\u00f3n\/Zona Roja Cdmx. Ciudad de M\u00e9xico, a 14 de diciembre de 2024.- La presidenta de&hellip;<\/p>\n","protected":false},"author":2,"featured_media":75489,"comment_status":"closed","ping_status":"open","sticky":false,"template":"","format":"standard","meta":{"_lmt_disableupdate":"","_lmt_disable":"","_jetpack_memberships_contains_paid_content":false,"footnotes":""},"categories":[109,47],"tags":[4130],"class_list":["post-75505","post","type-post","status-publish","format-standard","has-post-thumbnail","hentry","category-minuto-a-minuto","category-zona-gris","tag-el-mini-lic"],"jetpack_featured_media_url":"https:\/\/zonaroja.com.mx\/wp-content\/uploads\/2024\/12\/Damaso-Lopez-el-mini-lic.jpg.webp","jetpack_sharing_enabled":true,"_links":{"self":[{"href":"https:\/\/zonaroja.com.mx\/index.php?rest_route=\/wp\/v2\/posts\/75505","targetHints":{"allow":["GET"]}}],"collection":[{"href":"https:\/\/zonaroja.com.mx\/index.php?rest_route=\/wp\/v2\/posts"}],"about":[{"href":"https:\/\/zonaroja.com.mx\/index.php?rest_route=\/wp\/v2\/types\/post"}],"author":[{"embeddable":true,"href":"https:\/\/zonaroja.com.mx\/index.php?rest_route=\/wp\/v2\/users\/2"}],"replies":[{"embeddable":true,"href":"https:\/\/zonaroja.com.mx\/index.php?rest_route=%2Fwp%2Fv2%2Fcomments&post=75505"}],"version-history":[{"count":1,"href":"https:\/\/zonaroja.com.mx\/index.php?rest_route=\/wp\/v2\/posts\/75505\/revisions"}],"predecessor-version":[{"id":75506,"href":"https:\/\/zonaroja.com.mx\/index.php?rest_route=\/wp\/v2\/posts\/75505\/revisions\/75506"}],"wp:featuredmedia":[{"embeddable":true,"href":"https:\/\/zonaroja.com.mx\/index.php?rest_route=\/wp\/v2\/media\/75489"}],"wp:attachment":[{"href":"https:\/\/zonaroja.com.mx\/index.php?rest_route=%2Fwp%2Fv2%2Fmedia&parent=75505"}],"wp:term":[{"taxonomy":"category","embeddable":true,"href":"https:\/\/zonaroja.com.mx\/index.php?rest_route=%2Fwp%2Fv2%2Fcategories&post=75505"},{"taxonomy":"post_tag","embeddable":true,"href":"https:\/\/zonaroja.com.mx\/index.php?rest_route=%2Fwp%2Fv2%2Ftags&post=75505"}],"curies":[{"name":"wp","href":"https:\/\/api.w.org\/{rel}","templated":true}]}}