{"id":75509,"date":"2024-12-15T07:25:52","date_gmt":"2024-12-15T13:25:52","guid":{"rendered":"https:\/\/zonaroja.com.mx\/?p=75509"},"modified":"2024-12-15T07:25:54","modified_gmt":"2024-12-15T13:25:54","slug":"logra-el-stepidceo-mesa-de-dialogo-con-gobierno-revisaran-despidos","status":"publish","type":"post","link":"https:\/\/zonaroja.com.mx\/?p=75509","title":{"rendered":"Logra el STEPIDCEO mesa de di\u00e1logo con gobierno; revisar\u00e1n despidos"},"content":{"rendered":"\n<p>Ismael Garc\u00eda M.\/Zona Roja.<\/p>\n\n\n\n<p>Oaxaca de Ju\u00e1rez, Oax., a 15 de diciembre de 2024.- Luego de al menos cinco horas de di\u00e1logo, delegados y dirigencia del Sindicato de Trabajadores de los Poderes del Estado e Instituciones Descentralizadas de Car\u00e1cter Estatal, lograron una mesa de di\u00e1logo con funcionarios del gobierno, tras lo cual acordaron revisar las mil 344 bases laborales extinguidas.<\/p>\n\n\n\n<p>En los primeros minutos de este domingo, el dirigente sindical Pedro Castillejos Villalobos inform\u00f3 a los miles de empleados que pernoctaron afuera del Centro de Convenciones de Oaxaca, en jurisdicci\u00f3n de Santa Luc\u00eda del Camino, las negociaciones.<\/p>\n\n\n\n<p>A partir de ma\u00f1ana lunes y hasta el 27 de es este mes se instalar\u00e1n mesas de recepci\u00f3n de los documentos que deber\u00e1n presentar los trabajadores cesados, a partir de un decreto aprobado la noche del mi\u00e9rcoles 11 de diciembre.<\/p>\n\n\n\n<p>Asimismo, se garantiz\u00f3 que, quienes sean reicorporados, no perder\u00e1n la antig\u00fcedad laboral que ya ten\u00edan y tampoco las prestaciones.<\/p>\n\n\n\n<p>Tambi\u00e9n, se les reintegrar\u00e1n los d\u00edas pendientes de la primera quincena y la totalidad de la segunda quincena de diciembre, as\u00ed como respetarles el derecho de gozar las vacaciones decembrinas correspondientes.<\/p>\n\n\n\n<p>Igualmente, se les pagar\u00e1 el concepto de canasta navide\u00f1a que no se les hab\u00eda otorgado a las personas cesadas. Esta tarde una representaci\u00f3n de ambas partes reanudar\u00e1 las pl\u00e1ticas para definir t\u00e9rminos pendientes de la negociaci\u00f3n.&nbsp;<\/p>\n\n\n\n<p>Lo anterior previo a una megamarcha de los sindicalizados, que parti\u00f3 del estado de b\u00e9isbol de la ciudad de Oaxaca, con destino al Centro Cultural y de Convenciones, donde permanecieron por varias horas.<\/p>\n\n\n\n<p>En ese contexto, un veh\u00edculo de motor con conductor en probable estado de ebriedad, intent\u00f3 cruzar el \u201cplant\u00f3n\u201d y arrollar a los manifestantes; fue detenido junto con los dem\u00e1s ocupantes por la polic\u00eda municipal de Santa Luc\u00eda del Camino.<\/p>\n\n\n\n<figure class=\"wp-block-embed is-type-rich is-provider-twitter wp-block-embed-twitter\"><div class=\"wp-block-embed__wrapper\">\n<div class=\"twitter-tweet\"><blockquote class=\"twitter-tweet\" data-lang=\"es\"><p lang=\"es\" dir=\"ltr\">En los primeros minutos de este domingo concluy\u00f3 la reuni\u00f3n entre la dirigencia del sindicato de bur\u00f3cratas y representantes del <a href=\"https:\/\/twitter.com\/GobOax?ref_src=twsrc%5Etfw\">@GobOax<\/a>.<br>Al t\u00e9rmino, el secretario General del <a href=\"https:\/\/twitter.com\/stpeidceo22_25?ref_src=twsrc%5Etfw\">@stpeidceo22_25<\/a>, Pedro Castillejos, inform\u00f3 a la base que habr\u00e1 una revisi\u00f3n minuciosa de cada caso a\u2026 <a href=\"https:\/\/t.co\/Jj7yYb94pT\">pic.twitter.com\/Jj7yYb94pT<\/a><\/p>&mdash; Zona Roja Oaxaca (@ZonaRoja_Oaxaca) <a href=\"https:\/\/twitter.com\/ZonaRoja_Oaxaca\/status\/1868279270801322151?ref_src=twsrc%5Etfw\">15 de diciembre de 2024<\/a><\/blockquote><\/div>\n<\/div><\/figure>\n","protected":false},"excerpt":{"rendered":"<p>Ismael Garc\u00eda M.\/Zona Roja. Oaxaca de Ju\u00e1rez, Oax., a 15 de diciembre de 2024.- Luego&hellip;<\/p>\n","protected":false},"author":2,"featured_media":75510,"comment_status":"closed","ping_status":"open","sticky":false,"template":"","format":"standard","meta":{"_lmt_disableupdate":"","_lmt_disable":"","_jetpack_memberships_contains_paid_content":false,"footnotes":""},"categories":[109,46],"tags":[972],"class_list":["post-75509","post","type-post","status-publish","format-standard","has-post-thumbnail","hentry","category-minuto-a-minuto","category-zona-blanca","tag-stpeidceo"],"jetpack_featured_media_url":"https:\/\/zonaroja.com.mx\/wp-content\/uploads\/2024\/12\/Protesta-burocratas-STEPICEO.jpg","jetpack_sharing_enabled":true,"_links":{"self":[{"href":"https:\/\/zonaroja.com.mx\/index.php?rest_route=\/wp\/v2\/posts\/75509","targetHints":{"allow":["GET"]}}],"collection":[{"href":"https:\/\/zonaroja.com.mx\/index.php?rest_route=\/wp\/v2\/posts"}],"about":[{"href":"https:\/\/zonaroja.com.mx\/index.php?rest_route=\/wp\/v2\/types\/post"}],"author":[{"embeddable":true,"href":"https:\/\/zonaroja.com.mx\/index.php?rest_route=\/wp\/v2\/users\/2"}],"replies":[{"embeddable":true,"href":"https:\/\/zonaroja.com.mx\/index.php?rest_route=%2Fwp%2Fv2%2Fcomments&post=75509"}],"version-history":[{"count":1,"href":"https:\/\/zonaroja.com.mx\/index.php?rest_route=\/wp\/v2\/posts\/75509\/revisions"}],"predecessor-version":[{"id":75511,"href":"https:\/\/zonaroja.com.mx\/index.php?rest_route=\/wp\/v2\/posts\/75509\/revisions\/75511"}],"wp:featuredmedia":[{"embeddable":true,"href":"https:\/\/zonaroja.com.mx\/index.php?rest_route=\/wp\/v2\/media\/75510"}],"wp:attachment":[{"href":"https:\/\/zonaroja.com.mx\/index.php?rest_route=%2Fwp%2Fv2%2Fmedia&parent=75509"}],"wp:term":[{"taxonomy":"category","embeddable":true,"href":"https:\/\/zonaroja.com.mx\/index.php?rest_route=%2Fwp%2Fv2%2Fcategories&post=75509"},{"taxonomy":"post_tag","embeddable":true,"href":"https:\/\/zonaroja.com.mx\/index.php?rest_route=%2Fwp%2Fv2%2Ftags&post=75509"}],"curies":[{"name":"wp","href":"https:\/\/api.w.org\/{rel}","templated":true}]}}