{"id":75519,"date":"2024-12-15T11:00:00","date_gmt":"2024-12-15T17:00:00","guid":{"rendered":"https:\/\/zonaroja.com.mx\/?p=75519"},"modified":"2024-12-15T07:35:11","modified_gmt":"2024-12-15T13:35:11","slug":"diputado-migrante-busca-preservar-el-zapoteco-en-nuevas-generaciones","status":"publish","type":"post","link":"https:\/\/zonaroja.com.mx\/?p=75519","title":{"rendered":"Diputado migrante busca preservar el zapoteco en nuevas generaciones"},"content":{"rendered":"\n<p>Redacci\u00f3n\/Zona Roja.<\/p>\n\n\n\n<p>Oaxaca de Ju\u00e1rez, Oax., a 15 de diciembre de 2024.- El diputado por Morena, Zeferino Garc\u00eda Jer\u00f3nimo present\u00f3 un Punto de Acuerdo ante el Pleno del Congreso de Oaxaca, mediante el cual se busca preservar, proteger y desarrollar la lengua zapoteca en la entidad en las nuevas generaciones.<\/p>\n\n\n\n<p>Con esta medida se contemplan exhortos al Instituto Nacional de Lenguas Ind\u00edgenas (Inali), a la Secretar\u00eda de Interculturalidad, Pueblos y Comunidades Ind\u00edgenas y Afromexicanas, a la Secretar\u00eda de Educaci\u00f3n P\u00fablica (SEP) en el estado y al Instituto Estatal de Educaci\u00f3n P\u00fablica de Oaxaca (IEEPO), para que en la medida de sus facultades promuevan y ejecuten acciones para conservar y revitalizar dicha lengua.<\/p>\n\n\n\n<p>En tribuna, el legislador detall\u00f3 que desde el Gobierno es de vital importancia articular esfuerzos y en coordinaci\u00f3n con las organizaciones comunitarias, as\u00ed como de la sociedad civil se proteja a esta lengua originaria porque es parte de los derechos que tienen los pueblos y comunidades ind\u00edgenas.<\/p>\n\n\n\n<p>Resalt\u00f3 la importancia de mantener viva la gran riqueza del zapoteco, pues al preservarlo se salvaguarda la memoria hist\u00f3rica, nuestras tradiciones, los conocimientos ancestrales, valores culturales y formas \u00fanicas de ver el mundo.<\/p>\n\n\n\n<p>El documento precisa que la lengua zapoteca es una macrolengua que incluye numerosas variantes ling\u00fc\u00edsticas habladas principalmente en la Sierra Ju\u00e1rez, Valles Centrales, Sierra Sur, Cuenca del Papaloapan, Istmo de Tehuantepec y la Costa, con caracter\u00edsticas propias que dan identidad a las comunidades que la hablan.<\/p>\n\n\n\n<p>Y de acuerdo con el Instituto Nacional de Estad\u00edstica y Geograf\u00eda (Inegi), en el Censo de Poblaci\u00f3n y Vivienda 2020, la entidad contaba con 397 mil 837 hablantes, siendo la entidad federativa con el mayor n\u00famero de personas ind\u00edgenas que la hablan en M\u00e9xico.<\/p>\n\n\n\n<p>La propuesta fue turnada por la Mesa Directiva a la Comisi\u00f3n de Interculturalidad, Pueblos y Comunidades Ind\u00edgenas y Afromexicanas para su an\u00e1lisis.<\/p>\n","protected":false},"excerpt":{"rendered":"<p>Redacci\u00f3n\/Zona Roja. Oaxaca de Ju\u00e1rez, Oax., a 15 de diciembre de 2024.- El diputado por&hellip;<\/p>\n","protected":false},"author":2,"featured_media":75520,"comment_status":"closed","ping_status":"open","sticky":false,"template":"","format":"standard","meta":{"_lmt_disableupdate":"","_lmt_disable":"","_jetpack_memberships_contains_paid_content":false,"footnotes":""},"categories":[109,46],"tags":[214],"class_list":["post-75519","post","type-post","status-publish","format-standard","has-post-thumbnail","hentry","category-minuto-a-minuto","category-zona-blanca","tag-congreso-del-estado"],"jetpack_featured_media_url":"https:\/\/zonaroja.com.mx\/wp-content\/uploads\/2024\/12\/Diputado-Zeferino-Garcia.jpeg","jetpack_sharing_enabled":true,"_links":{"self":[{"href":"https:\/\/zonaroja.com.mx\/index.php?rest_route=\/wp\/v2\/posts\/75519","targetHints":{"allow":["GET"]}}],"collection":[{"href":"https:\/\/zonaroja.com.mx\/index.php?rest_route=\/wp\/v2\/posts"}],"about":[{"href":"https:\/\/zonaroja.com.mx\/index.php?rest_route=\/wp\/v2\/types\/post"}],"author":[{"embeddable":true,"href":"https:\/\/zonaroja.com.mx\/index.php?rest_route=\/wp\/v2\/users\/2"}],"replies":[{"embeddable":true,"href":"https:\/\/zonaroja.com.mx\/index.php?rest_route=%2Fwp%2Fv2%2Fcomments&post=75519"}],"version-history":[{"count":1,"href":"https:\/\/zonaroja.com.mx\/index.php?rest_route=\/wp\/v2\/posts\/75519\/revisions"}],"predecessor-version":[{"id":75521,"href":"https:\/\/zonaroja.com.mx\/index.php?rest_route=\/wp\/v2\/posts\/75519\/revisions\/75521"}],"wp:featuredmedia":[{"embeddable":true,"href":"https:\/\/zonaroja.com.mx\/index.php?rest_route=\/wp\/v2\/media\/75520"}],"wp:attachment":[{"href":"https:\/\/zonaroja.com.mx\/index.php?rest_route=%2Fwp%2Fv2%2Fmedia&parent=75519"}],"wp:term":[{"taxonomy":"category","embeddable":true,"href":"https:\/\/zonaroja.com.mx\/index.php?rest_route=%2Fwp%2Fv2%2Fcategories&post=75519"},{"taxonomy":"post_tag","embeddable":true,"href":"https:\/\/zonaroja.com.mx\/index.php?rest_route=%2Fwp%2Fv2%2Ftags&post=75519"}],"curies":[{"name":"wp","href":"https:\/\/api.w.org\/{rel}","templated":true}]}}