{"id":75522,"date":"2024-12-15T13:00:00","date_gmt":"2024-12-15T19:00:00","guid":{"rendered":"https:\/\/zonaroja.com.mx\/?p=75522"},"modified":"2024-12-15T07:36:38","modified_gmt":"2024-12-15T13:36:38","slug":"la-ops-alerta-por-aumento-de-dengue-en-ninos-y-adolescentes-de-mexico","status":"publish","type":"post","link":"https:\/\/zonaroja.com.mx\/?p=75522","title":{"rendered":"La OPS alerta por aumento de dengue en ni\u00f1os y adolescentes de M\u00e9xico"},"content":{"rendered":"\n<p>Redacci\u00f3n\/Zona Roja Cdmx.<\/p>\n\n\n\n<p>Ciudad de M\u00e9xico, a 15 de diciembre de 2024.- En lo que va del a\u00f1o, la Secretar\u00eda de Salud ha reportado 120,931 casos de dengue en M\u00e9xico, el doble de los reportados en el mismo periodo de 2023.<\/p>\n\n\n\n<p>Hasta el pasado 7 de diciembre, la dependencia tambi\u00e9n notific\u00f3 1,895 probables defunciones por dengue y, aunque s\u00f3lo se han confirmado 362, representan 78% m\u00e1s que el a\u00f1o pasado.<\/p>\n\n\n\n<p>Del total de casos confirmados, 66,401 han sido catalogados como dengue no grave, seg\u00fan datos de la Direcci\u00f3n General de Epidemiolog\u00eda de la Secretar\u00eda.<\/p>\n\n\n\n<p>Adem\u00e1s, 55,530 casos son de dengue con signos de alarma o dengue grave. De estos, un tercio se ha presentado en menores de 15 a\u00f1os, alert\u00f3 Jarbas Barbosa, director de la Organizaci\u00f3n Panamericana de la Salud (OPS).<\/p>\n\n\n\n<p>\u201cEl dengue est\u00e1 representando un riesgo mayor de lo normal para los ni\u00f1os\u201d, advirti\u00f3 en una sesi\u00f3n informativa del organismo.<\/p>\n\n\n\n<p>De los nuevos casos de dengue identificados en la \u00faltima semana en M\u00e9xico, la mayor proporci\u00f3n se reporta en ni\u00f1as y ni\u00f1os de 10 a 14 a\u00f1os; despu\u00e9s en adolescentes de 15 a 19 a\u00f1os; en j\u00f3venes de 20 a 24; y en menores de 5 a 9 a\u00f1os, seg\u00fan el informe semanal de dengue.<\/p>\n\n\n\n<p>M\u00e9xico es uno de los pa\u00edses de Am\u00e9rica con m\u00e1s casos de dengue. En conjunto con Argentina, Brasil y Colombia concentra el 90% de los casos notificados en la regi\u00f3n y el 88% de los decesos confirmados durante 2024, detall\u00f3.<\/p>\n\n\n\n<p>Este a\u00f1o, Am\u00e9rica ha registrado la epidemia de dengue m\u00e1s grande desde 1980, con m\u00e1s de 12.6 millones de casos, casi tres veces m\u00e1s que en 2023, seg\u00fan datos de la OPS.<\/p>\n\n\n\n<p>Esto se debe a eventos clim\u00e1ticos que favorecen la proliferaci\u00f3n del mosquito Aedes Aegypti, transmisor del dengue, explic\u00f3 el doctor Barbosa. Pero tambi\u00e9n a la urbanizaci\u00f3n no planificada, la acumulaci\u00f3n de agua por parte de las personas y el manejo deficiente de residuos, que son criaderos para el vector.<\/p>\n\n\n\n<p>En los \u00faltimos 14 a\u00f1os, el dengue se ha extendido a entidades federativas de M\u00e9xico que antes no registraban casos. Debido al cambio clim\u00e1tico, esta enfermedad pas\u00f3 de tener presencia en 14 estados a llegar a 28. Incluso, hay entidades federativas donde hace 30 a\u00f1os no se reportaba ning\u00fan caso y ahora registran contagios.<\/p>\n\n\n\n<p>(Informaci\u00f3n de \u201cExpansi\u00f3n Pol\u00edtica\u201d)<\/p>\n","protected":false},"excerpt":{"rendered":"<p>Redacci\u00f3n\/Zona Roja Cdmx. Ciudad de M\u00e9xico, a 15 de diciembre de 2024.- En lo que&hellip;<\/p>\n","protected":false},"author":2,"featured_media":70029,"comment_status":"closed","ping_status":"open","sticky":false,"template":"","format":"standard","meta":{"_lmt_disableupdate":"","_lmt_disable":"","_jetpack_memberships_contains_paid_content":false,"footnotes":""},"categories":[109,47],"tags":[],"class_list":["post-75522","post","type-post","status-publish","format-standard","has-post-thumbnail","hentry","category-minuto-a-minuto","category-zona-gris"],"jetpack_featured_media_url":"https:\/\/zonaroja.com.mx\/wp-content\/uploads\/2024\/07\/Dengue-mosco-transmisor.jpeg","jetpack_sharing_enabled":true,"_links":{"self":[{"href":"https:\/\/zonaroja.com.mx\/index.php?rest_route=\/wp\/v2\/posts\/75522","targetHints":{"allow":["GET"]}}],"collection":[{"href":"https:\/\/zonaroja.com.mx\/index.php?rest_route=\/wp\/v2\/posts"}],"about":[{"href":"https:\/\/zonaroja.com.mx\/index.php?rest_route=\/wp\/v2\/types\/post"}],"author":[{"embeddable":true,"href":"https:\/\/zonaroja.com.mx\/index.php?rest_route=\/wp\/v2\/users\/2"}],"replies":[{"embeddable":true,"href":"https:\/\/zonaroja.com.mx\/index.php?rest_route=%2Fwp%2Fv2%2Fcomments&post=75522"}],"version-history":[{"count":1,"href":"https:\/\/zonaroja.com.mx\/index.php?rest_route=\/wp\/v2\/posts\/75522\/revisions"}],"predecessor-version":[{"id":75523,"href":"https:\/\/zonaroja.com.mx\/index.php?rest_route=\/wp\/v2\/posts\/75522\/revisions\/75523"}],"wp:featuredmedia":[{"embeddable":true,"href":"https:\/\/zonaroja.com.mx\/index.php?rest_route=\/wp\/v2\/media\/70029"}],"wp:attachment":[{"href":"https:\/\/zonaroja.com.mx\/index.php?rest_route=%2Fwp%2Fv2%2Fmedia&parent=75522"}],"wp:term":[{"taxonomy":"category","embeddable":true,"href":"https:\/\/zonaroja.com.mx\/index.php?rest_route=%2Fwp%2Fv2%2Fcategories&post=75522"},{"taxonomy":"post_tag","embeddable":true,"href":"https:\/\/zonaroja.com.mx\/index.php?rest_route=%2Fwp%2Fv2%2Ftags&post=75522"}],"curies":[{"name":"wp","href":"https:\/\/api.w.org\/{rel}","templated":true}]}}