{"id":7553,"date":"2020-01-11T10:35:09","date_gmt":"2020-01-11T16:35:09","guid":{"rendered":"http:\/\/www.zonaroja.com.mx\/?p=7553"},"modified":"2020-01-11T12:52:18","modified_gmt":"2020-01-11T18:52:18","slug":"polemizan-gertz-manero-y-santiago-nieto-por-presuncion-de-inocencia","status":"publish","type":"post","link":"https:\/\/zonaroja.com.mx\/?p=7553","title":{"rendered":"Polemizan Gertz Manero y Santiago Nieto por presunci\u00f3n de inocencia"},"content":{"rendered":"\n<p>Redacci\u00f3n\/Zona Roja.<\/p>\n\n\n\n<p>Ciudad de M\u00e9xico, 11 de\nenero de 2020.- Luego de que el fiscal General de Rep\u00fablica, Alejandro Gertz\nManero, coment\u00f3 que hay unidades del gobierno federal que violan la presunci\u00f3n\nde inocencia en indagatorias que sigue la Fiscal\u00eda, el titular de la Unidad de\nInteligencia Financiera (UIF) de la Secretar\u00eda de Hacienda, Santiago Nieto,\nrespondi\u00f3: \u201cSiempre mucho respeto hacia el fiscal y nada m\u00e1s, mucho respeto\u201d.<\/p>\n\n\n\n<p>Al t\u00e9rmino de la ceremonia\nsolemne de la entrada en funcionamiento de la Fiscal\u00eda General de Justicia de\nla Ciudad de M\u00e9xico, Nieto fue abordado acerca de las declaraciones de Gertz\nManero el mi\u00e9rcoles pasado en la Secretar\u00eda de Relaciones Exteriores, cuando\nfrente a diplom\u00e1ticos dijo que en la FGR no se hacen afirmaciones que van en\ncontra de la presunci\u00f3n de inocencia, porque no son leg\u00edtimas y generan una\ngrave crisis en el aspecto procesal y luego nos acusan de faltas al debido\nproceso.<\/p>\n\n\n\n<p>Al respecto, el titular de\nla UIF coment\u00f3: \u201cYo creo que&#8230; no tengo ning\u00fan comentario al respecto\u201d. Luego\naceler\u00f3 el paso para salir por la puerta trasera del Museo Interactivo de\nEconom\u00eda al t\u00e9rmino del mensaje de Ernestina Godoy, \u00fanica oradora en la\nceremonia.<\/p>\n\n\n\n<p>Afuera del museo, se le\ninsisti\u00f3 acerca de los comentarios del fiscal y si estar\u00eda considerando en\nbreve alg\u00fan encuentro con Gertz Manero, a lo que respondi\u00f3: \u201cLo importante es\nque las instituciones sigan trabajando como lo han hecho hasta ahora, de manera\ncoordinada y sacando los asuntos, que es lo importante\u201d.<\/p>\n\n\n\n<p>Nieto ocup\u00f3 uno de los\nasientos de la primera fila de invitados especiales a la ceremonia, mientras\nGertz Manero estuvo en el pres\u00eddium, junto con Godoy y otros funcionarios.<\/p>\n\n\n\n<p>El titular de la UIF lleg\u00f3\nun par de minutos antes de que iniciara la ceremonia y sali\u00f3 pr\u00e1cticamente\ncuando termin\u00f3 el mensaje de unos 41 minutos de Godoy, pero no se le vio saludar\na Gertz Manero.<\/p>\n\n\n\n<p>(Informaci\u00f3n del diario \u201cLa\nJornada\u201d)<\/p>\n","protected":false},"excerpt":{"rendered":"<p>Redacci\u00f3n\/Zona Roja. Ciudad de M\u00e9xico, 11 de enero de 2020.- Luego de que el fiscal&hellip;<\/p>\n","protected":false},"author":2,"featured_media":7554,"comment_status":"closed","ping_status":"open","sticky":false,"template":"","format":"standard","meta":{"_lmt_disableupdate":"","_lmt_disable":"","_jetpack_memberships_contains_paid_content":false,"footnotes":""},"categories":[109,47],"tags":[1266,289],"class_list":["post-7553","post","type-post","status-publish","format-standard","has-post-thumbnail","hentry","category-minuto-a-minuto","category-zona-gris","tag-alejandro-gertz-manero","tag-santiago-nieto-castillo"],"jetpack_featured_media_url":"https:\/\/zonaroja.com.mx\/wp-content\/uploads\/2020\/01\/Gertz-y-Nieto.jpg","jetpack_sharing_enabled":true,"_links":{"self":[{"href":"https:\/\/zonaroja.com.mx\/index.php?rest_route=\/wp\/v2\/posts\/7553","targetHints":{"allow":["GET"]}}],"collection":[{"href":"https:\/\/zonaroja.com.mx\/index.php?rest_route=\/wp\/v2\/posts"}],"about":[{"href":"https:\/\/zonaroja.com.mx\/index.php?rest_route=\/wp\/v2\/types\/post"}],"author":[{"embeddable":true,"href":"https:\/\/zonaroja.com.mx\/index.php?rest_route=\/wp\/v2\/users\/2"}],"replies":[{"embeddable":true,"href":"https:\/\/zonaroja.com.mx\/index.php?rest_route=%2Fwp%2Fv2%2Fcomments&post=7553"}],"version-history":[{"count":1,"href":"https:\/\/zonaroja.com.mx\/index.php?rest_route=\/wp\/v2\/posts\/7553\/revisions"}],"predecessor-version":[{"id":7555,"href":"https:\/\/zonaroja.com.mx\/index.php?rest_route=\/wp\/v2\/posts\/7553\/revisions\/7555"}],"wp:featuredmedia":[{"embeddable":true,"href":"https:\/\/zonaroja.com.mx\/index.php?rest_route=\/wp\/v2\/media\/7554"}],"wp:attachment":[{"href":"https:\/\/zonaroja.com.mx\/index.php?rest_route=%2Fwp%2Fv2%2Fmedia&parent=7553"}],"wp:term":[{"taxonomy":"category","embeddable":true,"href":"https:\/\/zonaroja.com.mx\/index.php?rest_route=%2Fwp%2Fv2%2Fcategories&post=7553"},{"taxonomy":"post_tag","embeddable":true,"href":"https:\/\/zonaroja.com.mx\/index.php?rest_route=%2Fwp%2Fv2%2Ftags&post=7553"}],"curies":[{"name":"wp","href":"https:\/\/api.w.org\/{rel}","templated":true}]}}