{"id":75538,"date":"2024-12-16T07:58:40","date_gmt":"2024-12-16T13:58:40","guid":{"rendered":"https:\/\/zonaroja.com.mx\/?p=75538"},"modified":"2024-12-16T07:58:42","modified_gmt":"2024-12-16T13:58:42","slug":"gobierno-de-la-4t-podra-echar-mano-de-2-4-billones-del-infonavit-sin-ningun-control","status":"publish","type":"post","link":"https:\/\/zonaroja.com.mx\/?p=75538","title":{"rendered":"Gobierno de la 4T podr\u00e1 echar mano de $2.4 billones del Infonavit \u00a1sin ning\u00fan control..!"},"content":{"rendered":"\n<p>Redacci\u00f3n\/Zona Roja Cdmx.<\/p>\n\n\n\n<p>Ciudad de M\u00e9xico, a 15 de diciembre de 2024.- En una controvertida sesi\u00f3n de \u00faltimo momento, el Senado aprob\u00f3 una reforma que concede mayor\u00eda al Gobierno en los comit\u00e9s del Instituto del Fondo Nacional de la Vivienda para los Trabajadores (Infonavit), generando intensos reclamos de la oposici\u00f3n, que denuncia un posible uso discrecional de los recursos de los trabajadores.<\/p>\n\n\n\n<p>Entre los cambios aprobados, destaca la autorizaci\u00f3n para que el director del Infonavit, designado por el presidente de la Rep\u00fablica, en este caso Octavio Romero Oropeza, quien dej\u00f3 quebrado Pemex como Director General, tenga derecho de veto sobre las decisiones del Instituto.&nbsp;<\/p>\n\n\n\n<p>Adem\u00e1s, la reforma permite que el Infonavit, a trav\u00e9s de una empresa filial gubernamental, construya viviendas y administre los recursos del fondo, una atribuci\u00f3n que rompe con el esquema tripartita tradicional que garantizaba la participaci\u00f3n equitativa de Gobierno, sector privado y sector obrero.<\/p>\n\n\n\n<p>ART\u00cdCULO CLAVE<\/p>\n\n\n\n<p>El art\u00edculo 42 de la nueva ley establece que el Instituto podr\u00e1 destinar los recursos bajo su administraci\u00f3n para inversiones propias, incluyendo la construcci\u00f3n, adquisici\u00f3n y mantenimiento de inmuebles. Estos inmuebles estar\u00e1n destinados a vivienda para los derechohabientes, aunque se promete que siempre se priorizar\u00e1 el otorgamiento de cr\u00e9ditos.<\/p>\n\n\n\n<p>Esta medida gener\u00f3 cr\u00edticas severas en el Senado. \u201cEn cuanto esta ley entre en vigor, el Gobierno podr\u00e1 usar el dinero de los trabajadores para sus proyectos de vivienda. Dicen que ser\u00e1 un gran negocio, pero nadie garantiza que as\u00ed sea\u201d, afirm\u00f3 el senador panista Ricardo Anaya.<\/p>\n\n\n\n<p>REACCIONES DIVIDIDAS<\/p>\n\n\n\n<p>La oposici\u00f3n tambi\u00e9n cuestion\u00f3 el momento elegido para aprobar la reforma. \u201cAs\u00ed como en el pasado se nos impuso la reforma energ\u00e9tica un 12 de diciembre, ahora Morena nos recet\u00f3 esta reforma el viernes 13, desapareciendo la voz de los trabajadores en el manejo de su propio dinero\u201d, denunci\u00f3 la senadora Alejandra Barrales de Movimiento Ciudadano.<\/p>\n\n\n\n<p>Por su parte, los defensores de la reforma argumentaron que los cambios buscan proteger los intereses de los trabajadores. \u201cEl Infonavit fue durante mucho tiempo la caja chica de proyectos personales y pol\u00edticos. Queremos evitar que eso vuelva a suceder\u201d, justific\u00f3 la senadora Blanca Judith D\u00edaz, de Morena.<\/p>\n\n\n\n<p>LOS CAMBIOS<\/p>\n\n\n\n<p>Aunque la Asamblea General se mantiene como el m\u00e1ximo \u00f3rgano de decisi\u00f3n y conserva el car\u00e1cter tripartita, el n\u00famero de integrantes se redujo de 45 a 30. Asimismo, se modific\u00f3 la composici\u00f3n del Consejo de Administraci\u00f3n y de las comisiones encargadas de la vigilancia y transparencia, otorgando al Gobierno mayor representaci\u00f3n.<\/p>\n\n\n\n<p>Estas comisiones, esenciales para supervisar los fondos, estar\u00e1n integradas por cinco representantes del Gobierno frente a tres del sector privado y tres del sector obrero, rompiendo la paridad previa.<\/p>\n\n\n\n<p>IMPACTO POTENCIAL<\/p>\n\n\n\n<p>La reforma fue aprobada con 68 votos a favor, 29 en contra y ninguna abstenci\u00f3n, y ha generado un intenso debate sobre su impacto a largo plazo. La oposici\u00f3n advierte que el control gubernamental sobre los recursos del Infonavit, que ascienden a 2.4 billones de pesos, podr\u00eda derivar en un uso discrecional que afecte la estabilidad del fondo.<\/p>\n\n\n\n<p>Mientras tanto, los promotores de la medida aseguran que esta iniciativa representa un avance para garantizar viviendas dignas para los trabajadores y eliminar posibles malos manejos. El tiempo dir\u00e1 si esta reforma logra cumplir sus promesas o si, como temen sus detractores, representa un retroceso en la autonom\u00eda del Infonavit y la seguridad financiera de los trabajadores.<\/p>\n\n\n\n<p>(Informaci\u00f3n de Literal.Mx)<\/p>\n","protected":false},"excerpt":{"rendered":"<p>Redacci\u00f3n\/Zona Roja Cdmx. Ciudad de M\u00e9xico, a 15 de diciembre de 2024.- En una controvertida&hellip;<\/p>\n","protected":false},"author":2,"featured_media":75539,"comment_status":"closed","ping_status":"open","sticky":false,"template":"","format":"standard","meta":{"_lmt_disableupdate":"","_lmt_disable":"","_jetpack_memberships_contains_paid_content":false,"footnotes":""},"categories":[109,47],"tags":[4131],"class_list":["post-75538","post","type-post","status-publish","format-standard","has-post-thumbnail","hentry","category-minuto-a-minuto","category-zona-gris","tag-infonavit"],"jetpack_featured_media_url":"https:\/\/zonaroja.com.mx\/wp-content\/uploads\/2024\/12\/Infonavit.jpeg","jetpack_sharing_enabled":true,"_links":{"self":[{"href":"https:\/\/zonaroja.com.mx\/index.php?rest_route=\/wp\/v2\/posts\/75538","targetHints":{"allow":["GET"]}}],"collection":[{"href":"https:\/\/zonaroja.com.mx\/index.php?rest_route=\/wp\/v2\/posts"}],"about":[{"href":"https:\/\/zonaroja.com.mx\/index.php?rest_route=\/wp\/v2\/types\/post"}],"author":[{"embeddable":true,"href":"https:\/\/zonaroja.com.mx\/index.php?rest_route=\/wp\/v2\/users\/2"}],"replies":[{"embeddable":true,"href":"https:\/\/zonaroja.com.mx\/index.php?rest_route=%2Fwp%2Fv2%2Fcomments&post=75538"}],"version-history":[{"count":1,"href":"https:\/\/zonaroja.com.mx\/index.php?rest_route=\/wp\/v2\/posts\/75538\/revisions"}],"predecessor-version":[{"id":75540,"href":"https:\/\/zonaroja.com.mx\/index.php?rest_route=\/wp\/v2\/posts\/75538\/revisions\/75540"}],"wp:featuredmedia":[{"embeddable":true,"href":"https:\/\/zonaroja.com.mx\/index.php?rest_route=\/wp\/v2\/media\/75539"}],"wp:attachment":[{"href":"https:\/\/zonaroja.com.mx\/index.php?rest_route=%2Fwp%2Fv2%2Fmedia&parent=75538"}],"wp:term":[{"taxonomy":"category","embeddable":true,"href":"https:\/\/zonaroja.com.mx\/index.php?rest_route=%2Fwp%2Fv2%2Fcategories&post=75538"},{"taxonomy":"post_tag","embeddable":true,"href":"https:\/\/zonaroja.com.mx\/index.php?rest_route=%2Fwp%2Fv2%2Ftags&post=75538"}],"curies":[{"name":"wp","href":"https:\/\/api.w.org\/{rel}","templated":true}]}}