{"id":75541,"date":"2024-12-16T08:12:20","date_gmt":"2024-12-16T14:12:20","guid":{"rendered":"https:\/\/zonaroja.com.mx\/?p=75541"},"modified":"2024-12-16T08:12:23","modified_gmt":"2024-12-16T14:12:23","slug":"aplazan-seguimiento-de-acuerdos-gobierno-y-stpeidceo","status":"publish","type":"post","link":"https:\/\/zonaroja.com.mx\/?p=75541","title":{"rendered":"Aplazan seguimiento de acuerdos gobierno y STPEIDCEO"},"content":{"rendered":"\n<p>Ismael Garc\u00eda M.\/Zona Roja.<\/p>\n\n\n\n<p>Oaxaca de Ju\u00e1rez, Oax., a 16 de diciembre de 2024.- A petici\u00f3n de la Secretar\u00eda de Gobierno (Sego), la madrugada de este lunes se decret\u00f3 un receso a la mesa de di\u00e1logo entre la autoridad estatal y la representaci\u00f3n del Sindicato de Trabajadores de los Poderes del Estado e Instituciones Descentralizadas de Car\u00e1cter Estatal de Oaxaca (STPEIDCEO).<\/p>\n\n\n\n<p>Se prev\u00e9 reanudar este lunes a las 13:00 horas, en la misma sede, el Centro Cultural y de Convenciones de Oaxaca, en jurisdicci\u00f3n del municipio de Santa Luc\u00eda del Camino.<\/p>\n\n\n\n<p>El dirigente del gremio, Pedro Castillejos Villalobos inform\u00f3 a la base trabajadora que continuar\u00e1 la demanda de reintegrar al servicio a la totalidad de los mil 344 despedidos.<\/p>\n\n\n\n<p>\u201cCelebro que est\u00e9n los compa\u00f1eros delegados, eso quiere decir que no nos est\u00e1n dejando solos, tampoco a ustedes. Hoy m\u00e1s que nunca tenemos que estar unidos\u201d, dijo en un mensaje que dio a los congregados afuera del inmueble.<\/p>\n\n\n\n<p>Inform\u00f3 que luego de seis horas de di\u00e1logo, hubo avances \u201cpocos pero seguros\u201d; inform\u00f3 que el gobierno s\u00f3lo quiere reintegrar a un grupo de trabajadores pero la propuesta es que sea la totalidad.<\/p>\n\n\n\n<p>Previo a ello, ayer de nueva cuenta cientos de trabajadores se concentraron desde las seis de la tarde en la avenida L\u00e1zaro C\u00e1rdenas, frente al Centro de Convenciones, y permanecieron hasta que se decret\u00f3 el receso.<\/p>\n\n\n\n<p>Otro grupo acudi\u00f3 cerca de la media noche de ayer a protestar a la sede del Poder Legislativo, en San Raymundo Jalpan, donde prev\u00e9n regresar esta semana.<\/p>\n\n\n\n<p>Los diputados ya se hab\u00edan retirado, tras sesionar de manera r\u00e1pida para aprobar la cuenta p\u00fablica 2023 del gobierno estatal.<\/p>\n\n\n\n<p>En tanto, a partir de las 13:00 horas se prev\u00e9 nueva concentraci\u00f3n en el exterior de la sede donde se llevan a cabo las mesas de di\u00e1logo.<\/p>\n","protected":false},"excerpt":{"rendered":"<p>Ismael Garc\u00eda M.\/Zona Roja. Oaxaca de Ju\u00e1rez, Oax., a 16 de diciembre de 2024.- A&hellip;<\/p>\n","protected":false},"author":2,"featured_media":75544,"comment_status":"closed","ping_status":"open","sticky":false,"template":"","format":"standard","meta":{"_lmt_disableupdate":"","_lmt_disable":"","_jetpack_memberships_contains_paid_content":false,"footnotes":""},"categories":[109,47],"tags":[972],"class_list":["post-75541","post","type-post","status-publish","format-standard","has-post-thumbnail","hentry","category-minuto-a-minuto","category-zona-gris","tag-stpeidceo"],"jetpack_featured_media_url":"https:\/\/zonaroja.com.mx\/wp-content\/uploads\/2024\/12\/burocratas-STPEIDCEO.jpeg","jetpack_sharing_enabled":true,"_links":{"self":[{"href":"https:\/\/zonaroja.com.mx\/index.php?rest_route=\/wp\/v2\/posts\/75541","targetHints":{"allow":["GET"]}}],"collection":[{"href":"https:\/\/zonaroja.com.mx\/index.php?rest_route=\/wp\/v2\/posts"}],"about":[{"href":"https:\/\/zonaroja.com.mx\/index.php?rest_route=\/wp\/v2\/types\/post"}],"author":[{"embeddable":true,"href":"https:\/\/zonaroja.com.mx\/index.php?rest_route=\/wp\/v2\/users\/2"}],"replies":[{"embeddable":true,"href":"https:\/\/zonaroja.com.mx\/index.php?rest_route=%2Fwp%2Fv2%2Fcomments&post=75541"}],"version-history":[{"count":1,"href":"https:\/\/zonaroja.com.mx\/index.php?rest_route=\/wp\/v2\/posts\/75541\/revisions"}],"predecessor-version":[{"id":75545,"href":"https:\/\/zonaroja.com.mx\/index.php?rest_route=\/wp\/v2\/posts\/75541\/revisions\/75545"}],"wp:featuredmedia":[{"embeddable":true,"href":"https:\/\/zonaroja.com.mx\/index.php?rest_route=\/wp\/v2\/media\/75544"}],"wp:attachment":[{"href":"https:\/\/zonaroja.com.mx\/index.php?rest_route=%2Fwp%2Fv2%2Fmedia&parent=75541"}],"wp:term":[{"taxonomy":"category","embeddable":true,"href":"https:\/\/zonaroja.com.mx\/index.php?rest_route=%2Fwp%2Fv2%2Fcategories&post=75541"},{"taxonomy":"post_tag","embeddable":true,"href":"https:\/\/zonaroja.com.mx\/index.php?rest_route=%2Fwp%2Fv2%2Ftags&post=75541"}],"curies":[{"name":"wp","href":"https:\/\/api.w.org\/{rel}","templated":true}]}}