{"id":75552,"date":"2024-12-16T11:20:00","date_gmt":"2024-12-16T17:20:00","guid":{"rendered":"https:\/\/zonaroja.com.mx\/?p=75552"},"modified":"2024-12-16T08:27:09","modified_gmt":"2024-12-16T14:27:09","slug":"asegura-la-policia-estatal-toma-clandestina-de-combustibles-en-el-istmo","status":"publish","type":"post","link":"https:\/\/zonaroja.com.mx\/?p=75552","title":{"rendered":"Asegura la Polic\u00eda Estatal toma clandestina de combustibles en el Istmo"},"content":{"rendered":"\n<p>Redacci\u00f3n\/Zona Roja.<\/p>\n\n\n\n<p>Oaxaca de Ju\u00e1rez, Oax., a 16 de diciembre de 2024. Personal de la Polic\u00eda Estatal con base en Palomares, Mat\u00edas Romero, tom\u00f3 conocimiento del aseguramiento de una toma clandestina de hidrocarburo en la localidad de Chivela, perteneciente a Asunci\u00f3n Ixtaltepec, en la regi\u00f3n del Istmo de Tehuantepec.<\/p>\n\n\n\n<p>La Secretar\u00eda de Seguridad y Protecci\u00f3n Ciudadana (SSPC) inform\u00f3 al respecto que la intervenci\u00f3n coordinada con la Secretar\u00eda de Marina (Semar) y Guardia Nacional (GN), se llev\u00f3 a cabo la tarde de este s\u00e1bado, en atenci\u00f3n al llamado de auxilio del Servicio de Emergencias 9-1-1, por parte de personal del C2-Istmo.<\/p>\n\n\n\n<p>DETENIDO CON DROGA<\/p>\n\n\n\n<p>Vito Javier \u201cNN\u201d de 48 a\u00f1os de edad fue detenido la tarde de este s\u00e1bado, en inmediaciones de Tlacolula de Matamoros y puesto a disposici\u00f3n de las autoridades correspondientes tras haber localizado alrededor 544 gramos de piedras cristalinas con caracter\u00edsticas propias de la droga conocida como cristal, en la cajuela del veh\u00edculo que conduc\u00eda.<\/p>\n\n\n\n<p>La detenci\u00f3n ocurri\u00f3 sobre la carretera a Villa D\u00edaz Ordaz, entre las calles Agust\u00edn Melgar y Juan Escutia de la colonia Emiliano Zapata, en Tlacolula de Matamoros.<\/p>\n\n\n\n<p>El ahora detenido conduc\u00eda el veh\u00edculo de alquiler tipo taxi colectivo, del sitio Tierra sobre Arena A. C., San Raymundo Jalpan.<\/p>\n\n\n\n<p>Ser\u00e1n las autoridades correspondientes quienes finquen o deslinden las responsabilidades consecuentes.<\/p>\n\n\n\n<p>De igual forma, la Secretar\u00eda de Seguridad y Protecci\u00f3n Ciudadana (SSPC) inform\u00f3 de la detenci\u00f3n de un masculino identificado con las iniciales W. M. T. L., quien ten\u00eda una orden de aprehensi\u00f3n vigente por el delito de violaci\u00f3n tumultuaria agravada en contra de una menor de edad, de nombre reservado.<\/p>\n\n\n\n<p>La detenci\u00f3n se llev\u00f3 a cabo este domingo en Suchilquitongo, Etla, al tener los uniformados conocimiento de la ubicaci\u00f3n de dicho masculino que se encontraba sobre la Carretera Federal 190, a la altura de la entrada a la poblaci\u00f3n.<\/p>\n\n\n\n<p>Trascendi\u00f3 que los hechos por los que la orden de aprehensi\u00f3n fue librada, se cometieron en San Francisco Telixtlahuaca.<\/p>\n","protected":false},"excerpt":{"rendered":"<p>Redacci\u00f3n\/Zona Roja. Oaxaca de Ju\u00e1rez, Oax., a 16 de diciembre de 2024. Personal de la&hellip;<\/p>\n","protected":false},"author":2,"featured_media":75553,"comment_status":"closed","ping_status":"open","sticky":false,"template":"","format":"standard","meta":{"_lmt_disableupdate":"","_lmt_disable":"","_jetpack_memberships_contains_paid_content":false,"footnotes":""},"categories":[109,46],"tags":[820],"class_list":["post-75552","post","type-post","status-publish","format-standard","has-post-thumbnail","hentry","category-minuto-a-minuto","category-zona-blanca","tag-secretaria-de-seguridad-y-proteccion-ciudadana"],"jetpack_featured_media_url":"https:\/\/zonaroja.com.mx\/wp-content\/uploads\/2024\/12\/huachicol-toma-clandestina-Istmo.jpeg","jetpack_sharing_enabled":true,"_links":{"self":[{"href":"https:\/\/zonaroja.com.mx\/index.php?rest_route=\/wp\/v2\/posts\/75552","targetHints":{"allow":["GET"]}}],"collection":[{"href":"https:\/\/zonaroja.com.mx\/index.php?rest_route=\/wp\/v2\/posts"}],"about":[{"href":"https:\/\/zonaroja.com.mx\/index.php?rest_route=\/wp\/v2\/types\/post"}],"author":[{"embeddable":true,"href":"https:\/\/zonaroja.com.mx\/index.php?rest_route=\/wp\/v2\/users\/2"}],"replies":[{"embeddable":true,"href":"https:\/\/zonaroja.com.mx\/index.php?rest_route=%2Fwp%2Fv2%2Fcomments&post=75552"}],"version-history":[{"count":1,"href":"https:\/\/zonaroja.com.mx\/index.php?rest_route=\/wp\/v2\/posts\/75552\/revisions"}],"predecessor-version":[{"id":75554,"href":"https:\/\/zonaroja.com.mx\/index.php?rest_route=\/wp\/v2\/posts\/75552\/revisions\/75554"}],"wp:featuredmedia":[{"embeddable":true,"href":"https:\/\/zonaroja.com.mx\/index.php?rest_route=\/wp\/v2\/media\/75553"}],"wp:attachment":[{"href":"https:\/\/zonaroja.com.mx\/index.php?rest_route=%2Fwp%2Fv2%2Fmedia&parent=75552"}],"wp:term":[{"taxonomy":"category","embeddable":true,"href":"https:\/\/zonaroja.com.mx\/index.php?rest_route=%2Fwp%2Fv2%2Fcategories&post=75552"},{"taxonomy":"post_tag","embeddable":true,"href":"https:\/\/zonaroja.com.mx\/index.php?rest_route=%2Fwp%2Fv2%2Ftags&post=75552"}],"curies":[{"name":"wp","href":"https:\/\/api.w.org\/{rel}","templated":true}]}}