{"id":75555,"date":"2024-12-16T10:27:00","date_gmt":"2024-12-16T16:27:00","guid":{"rendered":"https:\/\/zonaroja.com.mx\/?p=75555"},"modified":"2024-12-16T11:09:52","modified_gmt":"2024-12-16T17:09:52","slug":"opinion-la-4t-y-el-despertar-del-monstruo-burocratico","status":"publish","type":"post","link":"https:\/\/zonaroja.com.mx\/?p=75555","title":{"rendered":"Opini\u00f3n. La 4T y el despertar del monstruo burocr\u00e1tico\u00a0"},"content":{"rendered":"\n<p>Ismael Garc\u00eda M.\/Zona Roja.<\/p>\n\n\n\n<p>Oaxaca, Oax., a 16 de diciembre de 2024.- Un autogol de un coctel sindical explosivo tiene en un brete al gobierno de Oaxaca.<\/p>\n\n\n\n<p>Protestas de trabajadores del sector salud, la elecci\u00f3n de la dirigencia del sindicato de bur\u00f3cratas y el despido \u201cfast track\u201d de mil 344 empleados han generado una de las mayores crisis en la entidad, sin precedente en los \u00faltimos sexenios.<\/p>\n\n\n\n<p>Mientras que esta semana, la Secci\u00f3n 22 del Sindicato Nacional de Trabajadores de la Educaci\u00f3n (SNTE) reanud\u00f3 sus movilizaciones, bajo el pretexto de conmemorar el 45 aniversario de la creaci\u00f3n de la Coordinadora Nacional de Trabajadores de la Educaci\u00f3n (CNTE), actividad que aprovechar\u00e1 exigir de nueva cuenta soluci\u00f3n a m\u00faltiples pendientes.<\/p>\n\n\n\n<p>El resultado preliminar es una bola de nieve de inconformidad social que crece, con el respaldo de otras agrupaciones de trabajadores, que prev\u00e9n realizar movilizaciones masivas.<\/p>\n\n\n\n<p>\u00bfOtro 2006 en puerta? De hecho as\u00ed inici\u00f3 el movimiento magisterial (que hoy expres\u00f3 su respaldo a los bur\u00f3cratas) y social, que deriv\u00f3 en hechos graves de violencia y con m\u00e1s de una veintena de muertes y un centenar de desaparecidos, entre otros saldos funestos.<\/p>\n\n\n\n<p>Lo curioso es que ahora, muchos de quienes participaron en esa revuelta, son parte del gobierno de izquierda que encabeza Salom\u00f3n Jara Cruz, emanado del Partido Morena, con respaldo de otras fuerzas pol\u00edticas menores.<\/p>\n\n\n\n<p>CRISIS EN SALUD<\/p>\n\n\n\n<p>Desde hace m\u00e1s de dos meses, trabajadores sindicalizados del Hospital Civil \u201cDr. Aurelio Valdivieso\u201d de la capital realizan m\u00faltiples protestas; son afiliados a la Subsecci\u00f3n 07 de la Secci\u00f3n 35 del Sindicato Nacional de Trabajadores de Salud.&nbsp;<\/p>\n\n\n\n<p>Primero para exigir equipamiento y medicamentos para el nosocomio; luego para demandar el pago en efectivo del bono por el D\u00eda del Empleado y ahora por diversos pagos.<\/p>\n\n\n\n<p>Los responsables, primero el ente federal IMSS-Bienestar y luego los Servicios de Salud de Oaxaca (SSO); en el \u00faltimo caso, apenas el fin de semana -despu\u00e9s de m\u00faltiples bloqueos y paro de labores- informaron que hasta esta semana atender\u00edan la problem\u00e1tica, sin informar por qu\u00e9 la tardanza.<\/p>\n\n\n\n<p>Las protestas en el sector salud se han extendido en la regi\u00f3n del Istmo, tambi\u00e9n con paro de labores, ante falta de pagos diversos; en la Mixteca, la Cuenca, la Costa y prev\u00e9 crecer, sin que nadie diga por qu\u00e9 la desatenci\u00f3n o la lentitud para solucionar los asuntos.<\/p>\n\n\n\n<p>Y esta semana, se prev\u00e9n movilizaciones y protestas en el IMSS ordinario, para exigir la renuncia de la funcionaria Martha Escobar, por acoso laboral y m\u00faltiples irregularidades.<\/p>\n\n\n\n<p>CRISIS CON BUR\u00d3CRATAS<\/p>\n\n\n\n<p>El pasado martes el Sindicato de Trabajadores de los Poderes del Estado e Instituciones Descentralizadas de Car\u00e1cter Estatal tuvo su jornada electoral que, por pleitos pol\u00edticos, termin\u00f3 en un zafarrancho en una sede.<\/p>\n\n\n\n<p>Por un lado, Juan Rafael Rosas Herrera intentando mantener el poder, a trav\u00e9s de la planilla Rosa, y seguir manteniendo m\u00faltiples privilegios.<\/p>\n\n\n\n<p>Por el otro, los hermanos No\u00e9 y Amador Jara conjuntado varios grupos para formar la planilla Blanca y recuperar para Morena el poder.&nbsp;<\/p>\n\n\n\n<p>Todo sali\u00f3 mal; los hermanos Jara no midieron la fuerza que a\u00fan conserva Rosas; desplazaron a la Secretar\u00eda de Administraci\u00f3n y se dejaron enga\u00f1ar por lidercillos que dec\u00edan tener el control de los bur\u00f3cratas.<\/p>\n\n\n\n<p>El resultado es una crisis interna que deriv\u00f3 incluso en golpes, detenciones, retenciones, visos de fraude electoral y una larga pausa; hasta hoy, no hay un ganador, pese a que supuestamente una representaci\u00f3n electoral habr\u00eda otorgado el triunfo a la planilla Rosa.&nbsp;<\/p>\n\n\n\n<p>Por otro lado, no se tiene memoria de megamovilizaciones en el sindicato de trabajadores del gobierno que, tradicionalmente, han estado plegados a los designios o acuerdos de su dirigencia y del patr\u00f3n, a cambio de prebendas.<\/p>\n\n\n\n<p>Acaso en la \u00e9poca de Reveriano Chagoya, quien fue un aut\u00e9ntico l\u00edder de bur\u00f3cratas y se reeligi\u00f3 en varias ocasiones, hasta el gobierno de Di\u00f3doro Carrasco decidi\u00f3 aplacarlo.<\/p>\n\n\n\n<p>Olivero Mart\u00ednez Neri es otro de los muy pocos que no se quiso plegar a los designios gubernamentales; efectu\u00f3 varias movilizaciones\u2026 y termin\u00f3 en la c\u00e1rcel.<\/p>\n\n\n\n<p>As\u00ed que, el decreto aprobado por el Congreso del Estado la noche del 11 de marzo fue la ocasi\u00f3n para despertar a una masa de m\u00e1s de 14 mil trabajadores de base, ante la determinaci\u00f3n del gobierno de Oaxaca de extinguir mil 344 bases laborales, debido a presuntas irregularidades.<\/p>\n\n\n\n<p>Procedimiento totalmente inadecuado y con visos de venganza en contra, supuestamente, de seguidores de Rosas Herrera; sin embargo, en la lista de despedidos hay personas con discapacidad, trabajadores con m\u00e1s de una d\u00e9cada de antig\u00fcedad, madres solteras, muchos de ellos de la planilla Blanca.<\/p>\n\n\n\n<p>Por supuesto, hay o habr\u00eda muchas bases otorgadas con irregularidad, pero esa no era la forma de echar a la calle, por decreto, a cientos de empleados y en consecuencia dejar sin ingreso a sus respectivas familias.<\/p>\n\n\n\n<p>El gobierno estatal argumenta que la revisi\u00f3n se hac\u00eda desde hace dos a\u00f1os, pero, casualmente la concreci\u00f3n la hace \u201cfast track\u201d y en pleno conflicto sindical, lo que agrava la situaci\u00f3n.<\/p>\n\n\n\n<p>Ello ha concitado, desde el pasado jueves, m\u00faltiples movilizaciones, \u201ctoma\u201d de oficinas, megamarchas, velada en el exterior del Palacio de Gobierno.<\/p>\n\n\n\n<p>El s\u00e1bado se alcanzaron por fin los primeros acuerdos para revisar cada caso pero el domingo se volvi\u00f3 a entrampar la situaci\u00f3n; la madrugada de este lunes se suspendi\u00f3 la reuni\u00f3n entre las partes, sin lograr mayores definiciones acerca del mecanismo de revisi\u00f3n.<\/p>\n\n\n\n<p>LA ESTOCADA<\/p>\n\n\n\n<p>Lo sensato por parte del Gobierno del Estado, una vez aceptado el di\u00e1logo con la representaci\u00f3n de los bur\u00f3cratas, es la revisi\u00f3n de los casos, pues muchos trabajadores consiguieron de manera formal y legal su basificaci\u00f3n.&nbsp;<\/p>\n\n\n\n<p>Lo sensato es que se reintegre a sus labores a quienes no tienen ning\u00fan problema con su documentaci\u00f3n, pero \u00bfseguir\u00e1n jugando a las vencidas y a tomar decisiones con el est\u00f3mago?<\/p>\n\n\n\n<p>\u00bfY qu\u00e9 pas\u00f3 con los ex funcionarios responsables de este enredo? Ni con el p\u00e9talo de una investigaci\u00f3n se ha tocado a Germ\u00e1n Espinosa Santib\u00e1\u00f1ez, hoy millonario, ni a Vargas Varela ni a nadie; ni a ex funcionarios menores.<\/p>\n\n\n\n<p>\u00bfQui\u00e9nes son los p\u00e9simos asesores del mandatario Salom\u00f3n Jara? \u00bfSon de Oaxaca? O for\u00e1neos, por eso no conocen ni la historia social ni la realidad oaxaque\u00f1a ni su esp\u00edritu de lucha unida ante cualquier causa que afecte a las mayor\u00edas.<\/p>\n\n\n\n<p>Por cierto, esos p\u00e9simos asesores del gobierno no se han percatado que falta menos de un a\u00f1o para que se lleve a cabo un proceso de votaci\u00f3n para revocar o mantener al mandatario Jara Cruz en el cargo.<\/p>\n\n\n\n<p>Proceso que el mismo gobernador impuls\u00f3 durante la campa\u00f1a pol\u00edtica y que, de no recular en las pretensiones da\u00f1inas a los sectores populares, tendr\u00e1 que enfrentar la irritaci\u00f3n social cada vez m\u00e1s creciente.<\/p>\n\n\n\n<p>Y ya se gesta la uni\u00f3n de diversos gremios m\u00e1s y de organizaciones sociales, lo que amenaza en convertir un problema oficial en un conflicto social de consecuencias a\u00fan inciertas.<\/p>\n","protected":false},"excerpt":{"rendered":"<p>Ismael Garc\u00eda M.\/Zona Roja. Oaxaca, Oax., a 16 de diciembre de 2024.- Un autogol de&hellip;<\/p>\n","protected":false},"author":2,"featured_media":67764,"comment_status":"closed","ping_status":"open","sticky":false,"template":"","format":"standard","meta":{"_lmt_disableupdate":"","_lmt_disable":"","_jetpack_memberships_contains_paid_content":false,"footnotes":""},"categories":[456,109,48],"tags":[1353],"class_list":["post-75555","post","type-post","status-publish","format-standard","has-post-thumbnail","hentry","category-columna","category-minuto-a-minuto","category-zona-critica","tag-opinion-zona-critica"],"jetpack_featured_media_url":"https:\/\/zonaroja.com.mx\/wp-content\/uploads\/2024\/04\/Opinion-Zona-Roja-Ismael-Garcia.jpg","jetpack_sharing_enabled":true,"_links":{"self":[{"href":"https:\/\/zonaroja.com.mx\/index.php?rest_route=\/wp\/v2\/posts\/75555","targetHints":{"allow":["GET"]}}],"collection":[{"href":"https:\/\/zonaroja.com.mx\/index.php?rest_route=\/wp\/v2\/posts"}],"about":[{"href":"https:\/\/zonaroja.com.mx\/index.php?rest_route=\/wp\/v2\/types\/post"}],"author":[{"embeddable":true,"href":"https:\/\/zonaroja.com.mx\/index.php?rest_route=\/wp\/v2\/users\/2"}],"replies":[{"embeddable":true,"href":"https:\/\/zonaroja.com.mx\/index.php?rest_route=%2Fwp%2Fv2%2Fcomments&post=75555"}],"version-history":[{"count":2,"href":"https:\/\/zonaroja.com.mx\/index.php?rest_route=\/wp\/v2\/posts\/75555\/revisions"}],"predecessor-version":[{"id":75557,"href":"https:\/\/zonaroja.com.mx\/index.php?rest_route=\/wp\/v2\/posts\/75555\/revisions\/75557"}],"wp:featuredmedia":[{"embeddable":true,"href":"https:\/\/zonaroja.com.mx\/index.php?rest_route=\/wp\/v2\/media\/67764"}],"wp:attachment":[{"href":"https:\/\/zonaroja.com.mx\/index.php?rest_route=%2Fwp%2Fv2%2Fmedia&parent=75555"}],"wp:term":[{"taxonomy":"category","embeddable":true,"href":"https:\/\/zonaroja.com.mx\/index.php?rest_route=%2Fwp%2Fv2%2Fcategories&post=75555"},{"taxonomy":"post_tag","embeddable":true,"href":"https:\/\/zonaroja.com.mx\/index.php?rest_route=%2Fwp%2Fv2%2Ftags&post=75555"}],"curies":[{"name":"wp","href":"https:\/\/api.w.org\/{rel}","templated":true}]}}