{"id":75558,"date":"2024-12-16T16:27:15","date_gmt":"2024-12-16T22:27:15","guid":{"rendered":"https:\/\/zonaroja.com.mx\/?p=75558"},"modified":"2024-12-16T16:27:17","modified_gmt":"2024-12-16T22:27:17","slug":"reanuda-violencia-en-el-istmo-un-ejecutado-y-asalto-a-distribuidora-de-autos","status":"publish","type":"post","link":"https:\/\/zonaroja.com.mx\/?p=75558","title":{"rendered":"Reanuda violencia en el Istmo: un ejecutado y asalto a distribuidora de autos"},"content":{"rendered":"\n<p>Ismael Garc\u00eda M.\/Zona Roja.<\/p>\n\n\n\n<p>Oaxaca de Ju\u00e1rez, Oax., a 16 de diciembre de 2024.- Tras una pausa de fin de semana la violencia criminal regres\u00f3 este lunes a la regi\u00f3n del Istmo de Tehuantepec.<\/p>\n\n\n\n<p>Esta tarde en la esquina de la calle Nayarit con la avenida Ju\u00e1rez, una persona del sexo masculino fue asesinada.<\/p>\n\n\n\n<p>Personal param\u00e9dico de la Cruz Roja arrib\u00f3 a la zona para brindar los primeros auxilios pero confirm\u00f3 que ya no contaba con signos vitales.&nbsp;<\/p>\n\n\n\n<p>Hasta el momento no ha sido identificada la v\u00edctima y personal de la Vicefiscal\u00eda Regional del Istmo arriba a la zona para brindar los primeros auxilios.<\/p>\n\n\n\n<p>Por otra parte, durante la ma\u00f1ana de hoy se report\u00f3 a las autoridades ministeriales de un veh\u00edculo de lujo, en el municipio de Salina Cruz.<\/p>\n\n\n\n<p>Ocurri\u00f3 en la distribuidora de autos Toyota, ubicada a un costado de la carretera de cuatro carriles, cerca de Plaza Pabell\u00f3n.<\/p>\n\n\n\n<p>Seg\u00fan las versiones de los responsables de este negocio, anoche cuando se retiraron hab\u00edan contabilizado determinada cantidad de unidades de motor, pero al volver esta ma\u00f1ana, notaron que faltaba una camioneta marca Highlander, color blanca, por lo cual dieron parte a la polic\u00eda.<\/p>\n\n\n\n<p>Hasta el momento se desconoce qui\u00e9n o qui\u00e9nes se llevaron la unidad y la Vicefiscal\u00eda Regional continua con las indagatorias.<\/p>\n","protected":false},"excerpt":{"rendered":"<p>Ismael Garc\u00eda M.\/Zona Roja. Oaxaca de Ju\u00e1rez, Oax., a 16 de diciembre de 2024.- Tras&hellip;<\/p>\n","protected":false},"author":2,"featured_media":75559,"comment_status":"closed","ping_status":"open","sticky":false,"template":"","format":"standard","meta":{"_lmt_disableupdate":"","_lmt_disable":"","_jetpack_memberships_contains_paid_content":false,"footnotes":""},"categories":[109,51],"tags":[533],"class_list":["post-75558","post","type-post","status-publish","format-standard","has-post-thumbnail","hentry","category-minuto-a-minuto","category-zona-roja","tag-asesinado-en-tehuantepec"],"jetpack_featured_media_url":"https:\/\/zonaroja.com.mx\/wp-content\/uploads\/2024\/12\/Ejecutado-en-Tehuantepec.jpg","jetpack_sharing_enabled":true,"_links":{"self":[{"href":"https:\/\/zonaroja.com.mx\/index.php?rest_route=\/wp\/v2\/posts\/75558","targetHints":{"allow":["GET"]}}],"collection":[{"href":"https:\/\/zonaroja.com.mx\/index.php?rest_route=\/wp\/v2\/posts"}],"about":[{"href":"https:\/\/zonaroja.com.mx\/index.php?rest_route=\/wp\/v2\/types\/post"}],"author":[{"embeddable":true,"href":"https:\/\/zonaroja.com.mx\/index.php?rest_route=\/wp\/v2\/users\/2"}],"replies":[{"embeddable":true,"href":"https:\/\/zonaroja.com.mx\/index.php?rest_route=%2Fwp%2Fv2%2Fcomments&post=75558"}],"version-history":[{"count":1,"href":"https:\/\/zonaroja.com.mx\/index.php?rest_route=\/wp\/v2\/posts\/75558\/revisions"}],"predecessor-version":[{"id":75560,"href":"https:\/\/zonaroja.com.mx\/index.php?rest_route=\/wp\/v2\/posts\/75558\/revisions\/75560"}],"wp:featuredmedia":[{"embeddable":true,"href":"https:\/\/zonaroja.com.mx\/index.php?rest_route=\/wp\/v2\/media\/75559"}],"wp:attachment":[{"href":"https:\/\/zonaroja.com.mx\/index.php?rest_route=%2Fwp%2Fv2%2Fmedia&parent=75558"}],"wp:term":[{"taxonomy":"category","embeddable":true,"href":"https:\/\/zonaroja.com.mx\/index.php?rest_route=%2Fwp%2Fv2%2Fcategories&post=75558"},{"taxonomy":"post_tag","embeddable":true,"href":"https:\/\/zonaroja.com.mx\/index.php?rest_route=%2Fwp%2Fv2%2Ftags&post=75558"}],"curies":[{"name":"wp","href":"https:\/\/api.w.org\/{rel}","templated":true}]}}