{"id":7556,"date":"2020-01-11T12:54:49","date_gmt":"2020-01-11T18:54:49","guid":{"rendered":"http:\/\/www.zonaroja.com.mx\/?p=7556"},"modified":"2020-01-11T13:13:12","modified_gmt":"2020-01-11T19:13:12","slug":"desesperanza-en-ixcotel-internos-viven-amenazas-y-familia-hostigamiento-por-queja-del-traslado","status":"publish","type":"post","link":"https:\/\/zonaroja.com.mx\/?p=7556","title":{"rendered":"Desesperanza en Ixcotel:  internos viven amenazas y familia hostigamiento por queja del traslado"},"content":{"rendered":"\n<p>Yuridiana Sosa\/Zona Roja.<\/p>\n\n\n\n<p>Oaxaca de Ju\u00e1rez, Oax., 11\nde enero de 2020.- La noticia del trasladado de cerca de 800 internos de la\nPenitenciar\u00eda Central de Santa Mar\u00eda Ixcotel al Centro de Readaptaci\u00f3n Social\nde Tanivet, en Tlacolula de Matamoros, por realizarse en pr\u00f3ximos d\u00edas, sacudi\u00f3\na las familias y a los propios hombres privados de su libertad.<\/p>\n\n\n\n<p>Con angustia de lo que su hijo podr\u00eda padecer en un nuevo centro penitenciario, as\u00ed como la preocupaci\u00f3n que las visitas sean cada vez menos, una mujer de la tercera edad manifest\u00f3 su inconformidad a las medidas que toma el gobierno de Alejandro Murat Hinojosa.<\/p>\n\n\n\n<p>La madre apunt\u00f3 que con dificultad, por padecimientos en sus piernas, se puede desplazar a las visitas a Ixcotel. Ir a Tlacolula, hasta el reclusorio donde el traslado es largo, costoso y con complicaciones en los medios de transporte, representar\u00e1 todo un reto; eso la angustia, la enoja, la frustra.<\/p>\n\n\n\n<p>\u201cYo trabaj\u00e9 para el PRI\nmuchos a\u00f1os, priista de hueso colorado (\u2026) los apoy\u00e9 y ahora pido su apoyo\u201d,\ndice con desesperaci\u00f3n la anciana mujer en reclamo al mandatario estatal\nemanado del partido tricolor.<\/p>\n\n\n\n<p>HOSTIGAMIENTO PARA CALLAR<\/p>\n\n\n\n<p>La esposa de un interno\ntambi\u00e9n manifest\u00f3 su inconformidad, pero, adem\u00e1s, el miedo por los actos de\nhostigamiento que recibi\u00f3 por elementos de la Polic\u00eda Estatal y a represalias\ncontra su esposo.<\/p>\n\n\n\n<p>Este viernes, durante el horario de visita en el centro de Ixcotel, los familiares fueron retenidos por varios minutos m\u00e1s de la hora en que concluye la visita con el objetivo de evitar la denuncia del traslado ante los medios de comunicaci\u00f3n, como se ten\u00eda programado pro familiares y abogados.<\/p>\n\n\n\n<figure class=\"wp-block-image\"><img decoding=\"async\" width=\"1024\" height=\"768\" src=\"http:\/\/www.zonaroja.com.mx\/wp-content\/uploads\/2020\/01\/presas-ixcotel-1-1024x768.jpg\" alt=\"\" class=\"wp-image-7557\" srcset=\"https:\/\/zonaroja.com.mx\/wp-content\/uploads\/2020\/01\/presas-ixcotel-1-1024x768.jpg 1024w, https:\/\/zonaroja.com.mx\/wp-content\/uploads\/2020\/01\/presas-ixcotel-1-300x225.jpg 300w, https:\/\/zonaroja.com.mx\/wp-content\/uploads\/2020\/01\/presas-ixcotel-1-768x576.jpg 768w, https:\/\/zonaroja.com.mx\/wp-content\/uploads\/2020\/01\/presas-ixcotel-1-1170x878.jpg 1170w, https:\/\/zonaroja.com.mx\/wp-content\/uploads\/2020\/01\/presas-ixcotel-1-1920x1440.jpg 1920w, https:\/\/zonaroja.com.mx\/wp-content\/uploads\/2020\/01\/presas-ixcotel-1-585x439.jpg 585w, https:\/\/zonaroja.com.mx\/wp-content\/uploads\/2020\/01\/presas-ixcotel-1.jpg 2016w\" sizes=\"(max-width: 1024px) 100vw, 1024px\" \/><\/figure>\n\n\n\n<p>Pero, la mujer tambi\u00e9n\nsufri\u00f3 del seguimiento de una patrulla durante su trayecto del penal al Barrio\nde Jalatlaco, donde se llev\u00f3 a cabo la conferencia de prensa.<\/p>\n\n\n\n<p>Al lugar donde se ofreci\u00f3 el\ncomunicado tambi\u00e9n arribaron patrullas y motopatrullas de la Polic\u00eda Estatal de\nla Secretar\u00eda de Seguridad P\u00fablica. Los internos fueron advertidos que\nidentificar\u00edan a sus familiares para ser ellos los primeros en ser trasladados\na Tanivet, denunciaron las afectadas. Incluso, varias mujeres decidieron\nretirase del lugar por ese motivo.<\/p>\n\n\n\n<p>EVITAR\u00c1N TRASLADO<\/p>\n\n\n\n<p>El abogado de cerca de 200\nfamilias, Raymundo V\u00e1zquez Sumano, se\u00f1al\u00f3 que agotar\u00e1n las instancias y\nprocesos legales necesarios para atrasar o evitar el traslado de los internos\ncomo parte de sus derechos humanos.<\/p>\n\n\n\n<p>La lejan\u00eda de su reclusi\u00f3n,\ndijo, atenta contra el derecho de estancia en el centro penitenciario m\u00e1s\npr\u00f3ximo a sus residencias, as\u00ed como esa situaci\u00f3n complicar\u00eda sus procesos\nlegales debido a que varios de ellos a\u00fan no cuentan con sentencias.<\/p>\n\n\n\n<p>Las familias y los internos\ncarecen de informaci\u00f3n por parte de la SSPO, la Direcci\u00f3n General de\nReinserci\u00f3n Social y de las Direcciones del Centro Penitenciario de Ixcotel y\nTanivet para conocer el motivo del cambio, las condiciones en las que se\ntrasladar\u00e1n y de sus estancias, dijo el abogado.<\/p>\n\n\n\n<p>En Ixcotel los internos\ncuentan con talleres de oficios que les permiten realizar art\u00edculos para\ncomercializarlos, as\u00ed como una sala de computo en la que desarrollan sus\nestudios de primaria, secundaria, bachillerato y licenciaturas en l\u00ednea, situaci\u00f3n\nque desconocen si podr\u00e1 continuar.<\/p>\n\n\n\n<p>OTROS CAMBIOS<\/p>\n\n\n\n<p>En septiembre de 2019 cerca de un centenar de internos del Centro de Readaptaci\u00f3n Social de Mat\u00edas Romero fueron trasladados a Tanivet; as\u00ed como otros m\u00e1s del Centro de Santo Domingo Tehuantepec.<\/p>\n\n\n\n<figure class=\"wp-block-embed-twitter wp-block-embed is-type-rich is-provider-twitter\"><div class=\"wp-block-embed__wrapper\">\n<div class=\"twitter-tweet\"><blockquote class=\"twitter-tweet\" data-lang=\"es\"><p lang=\"es\" dir=\"ltr\"><a href=\"https:\/\/twitter.com\/hashtag\/OaxacaGris?src=hash&amp;ref_src=twsrc%5Etfw\">#OaxacaGris<\/a><br>Madres de familia y esposas de reclusos en la penitenciar\u00eda de Santa Mar\u00eda Ixcotel, Oaxaca, denunciaron hoy que la <a href=\"https:\/\/twitter.com\/SSP_GobOax?ref_src=twsrc%5Etfw\">@SSP_GobOax<\/a> cambiar\u00e1 a los internos al penal de Tanivet, Tlacolula, lo que implicar\u00e1 mayores gastos y otros problemas para ellas. <a href=\"https:\/\/t.co\/1ulUXszufZ\">pic.twitter.com\/1ulUXszufZ<\/a><\/p>&mdash; Zona Roja Oaxaca (@MexRoja) <a href=\"https:\/\/twitter.com\/MexRoja\/status\/1215799222618001408?ref_src=twsrc%5Etfw\">11 de enero de 2020<\/a><\/blockquote><\/div>\n<\/div><\/figure>\n","protected":false},"excerpt":{"rendered":"<p>Yuridiana Sosa\/Zona Roja. Oaxaca de Ju\u00e1rez, Oax., 11 de enero de 2020.- La noticia del&hellip;<\/p>\n","protected":false},"author":2,"featured_media":7558,"comment_status":"closed","ping_status":"open","sticky":false,"template":"","format":"standard","meta":{"_lmt_disableupdate":"","_lmt_disable":"","_jetpack_memberships_contains_paid_content":false,"footnotes":""},"categories":[1],"tags":[],"class_list":["post-7556","post","type-post","status-publish","format-standard","has-post-thumbnail","hentry","category-sin-categoria"],"jetpack_featured_media_url":"https:\/\/zonaroja.com.mx\/wp-content\/uploads\/2020\/01\/presas-ixcotel-2.jpg","jetpack_sharing_enabled":true,"_links":{"self":[{"href":"https:\/\/zonaroja.com.mx\/index.php?rest_route=\/wp\/v2\/posts\/7556","targetHints":{"allow":["GET"]}}],"collection":[{"href":"https:\/\/zonaroja.com.mx\/index.php?rest_route=\/wp\/v2\/posts"}],"about":[{"href":"https:\/\/zonaroja.com.mx\/index.php?rest_route=\/wp\/v2\/types\/post"}],"author":[{"embeddable":true,"href":"https:\/\/zonaroja.com.mx\/index.php?rest_route=\/wp\/v2\/users\/2"}],"replies":[{"embeddable":true,"href":"https:\/\/zonaroja.com.mx\/index.php?rest_route=%2Fwp%2Fv2%2Fcomments&post=7556"}],"version-history":[{"count":3,"href":"https:\/\/zonaroja.com.mx\/index.php?rest_route=\/wp\/v2\/posts\/7556\/revisions"}],"predecessor-version":[{"id":7562,"href":"https:\/\/zonaroja.com.mx\/index.php?rest_route=\/wp\/v2\/posts\/7556\/revisions\/7562"}],"wp:featuredmedia":[{"embeddable":true,"href":"https:\/\/zonaroja.com.mx\/index.php?rest_route=\/wp\/v2\/media\/7558"}],"wp:attachment":[{"href":"https:\/\/zonaroja.com.mx\/index.php?rest_route=%2Fwp%2Fv2%2Fmedia&parent=7556"}],"wp:term":[{"taxonomy":"category","embeddable":true,"href":"https:\/\/zonaroja.com.mx\/index.php?rest_route=%2Fwp%2Fv2%2Fcategories&post=7556"},{"taxonomy":"post_tag","embeddable":true,"href":"https:\/\/zonaroja.com.mx\/index.php?rest_route=%2Fwp%2Fv2%2Ftags&post=7556"}],"curies":[{"name":"wp","href":"https:\/\/api.w.org\/{rel}","templated":true}]}}