{"id":75561,"date":"2024-12-16T16:30:59","date_gmt":"2024-12-16T22:30:59","guid":{"rendered":"https:\/\/zonaroja.com.mx\/?p=75561"},"modified":"2024-12-16T16:31:00","modified_gmt":"2024-12-16T22:31:00","slug":"anuncia-gobernador-de-oaxaca-nuevos-cambios-en-su-gabinete","status":"publish","type":"post","link":"https:\/\/zonaroja.com.mx\/?p=75561","title":{"rendered":"Anuncia gobernador de Oaxaca nuevos cambios en su gabinete"},"content":{"rendered":"\n<p>Redacci\u00f3n\/Zona Roja.<\/p>\n\n\n\n<p>Oaxaca de Ju\u00e1rez, Oax., a 16 de diciembre de 2024.- El gobernador Salom\u00f3n Jara Cruz, dio a conocer que habr\u00e1 cambios en la estructura del gabinete estatal, en la Secretar\u00eda de Infraestructuras y Comunicaciones y en las subsecretar\u00edas de Gobierno (Sego), Administraci\u00f3n; Honestidad, Transparencia y Funci\u00f3n P\u00fablica; Movilidad (Semovi) y el Archivo General del Estado.&nbsp;<\/p>\n\n\n\n<p>De esta manera, detall\u00f3 que Carlos Vichido encabezar\u00e1 la Secretar\u00eda de Infraestructuras y Comunicaciones, ante la renuncia de Netzahualc\u00f3yotl Salvatierra L\u00f3pez; de la Direcci\u00f3n del Archivo General del Estado, ser\u00e1 ahora su titular Jacobo Babines L\u00f3pez, y de la Subsecretar\u00eda de Migraci\u00f3n y Poblaci\u00f3n de la Sego, quedar\u00e1 a cargo Leonardo D\u00edaz Jim\u00e9nez.<\/p>\n\n\n\n<p>En tanto, la Subsecretar\u00eda de Patrimonio, Recursos Materiales y Servicios de la Secretar\u00eda de Administraci\u00f3n, la encabezar\u00e1 Jes\u00fas Ortega Mar\u00edn; la Subsecretar\u00eda de Contralor\u00eda Social y Transparencia, de la Secretar\u00eda de Honestidad ser\u00e1 titular Joaqu\u00edn Rodr\u00edguez y de la Subsecretar\u00eda de Planeaci\u00f3n y Pol\u00edticas de Movilidad de la Semovi, quedar\u00e1 a cargo Rosendo Serrano Toledo.<\/p>\n\n\n\n<p>Durante la conferencia semanal de prensa encabezada por el mandatario estatal, Salvatierra L\u00f3pez anunci\u00f3 que present\u00f3 su renuncia al cargo de titular de la Secretar\u00eda de Infraestructuras y Comunicaciones. &nbsp;Asimismo, dio a conocer que pr\u00f3ximamente comenzar\u00e1 a desempe\u00f1arse como parte del Consejo Coordinador Empresarial.&nbsp;<\/p>\n\n\n\n<p>Se\u00f1al\u00f3 que se incorporar\u00e1 a actividades empresariales y gremiales, apoyando a Oaxaca en oportunidades de inversi\u00f3n relativas al Corredor Interoce\u00e1nico del Istmo de Tehuantepec (CIIT).&nbsp;<\/p>\n","protected":false},"excerpt":{"rendered":"<p>Redacci\u00f3n\/Zona Roja. Oaxaca de Ju\u00e1rez, Oax., a 16 de diciembre de 2024.- El gobernador Salom\u00f3n&hellip;<\/p>\n","protected":false},"author":2,"featured_media":75562,"comment_status":"closed","ping_status":"open","sticky":false,"template":"","format":"standard","meta":{"_lmt_disableupdate":"","_lmt_disable":"","_jetpack_memberships_contains_paid_content":false,"footnotes":""},"categories":[109,46],"tags":[939],"class_list":["post-75561","post","type-post","status-publish","format-standard","has-post-thumbnail","hentry","category-minuto-a-minuto","category-zona-blanca","tag-salomon-jara-cruz"],"jetpack_featured_media_url":"https:\/\/zonaroja.com.mx\/wp-content\/uploads\/2024\/12\/Conferencia-Salomon-Jara.jpg","jetpack_sharing_enabled":true,"_links":{"self":[{"href":"https:\/\/zonaroja.com.mx\/index.php?rest_route=\/wp\/v2\/posts\/75561","targetHints":{"allow":["GET"]}}],"collection":[{"href":"https:\/\/zonaroja.com.mx\/index.php?rest_route=\/wp\/v2\/posts"}],"about":[{"href":"https:\/\/zonaroja.com.mx\/index.php?rest_route=\/wp\/v2\/types\/post"}],"author":[{"embeddable":true,"href":"https:\/\/zonaroja.com.mx\/index.php?rest_route=\/wp\/v2\/users\/2"}],"replies":[{"embeddable":true,"href":"https:\/\/zonaroja.com.mx\/index.php?rest_route=%2Fwp%2Fv2%2Fcomments&post=75561"}],"version-history":[{"count":1,"href":"https:\/\/zonaroja.com.mx\/index.php?rest_route=\/wp\/v2\/posts\/75561\/revisions"}],"predecessor-version":[{"id":75563,"href":"https:\/\/zonaroja.com.mx\/index.php?rest_route=\/wp\/v2\/posts\/75561\/revisions\/75563"}],"wp:featuredmedia":[{"embeddable":true,"href":"https:\/\/zonaroja.com.mx\/index.php?rest_route=\/wp\/v2\/media\/75562"}],"wp:attachment":[{"href":"https:\/\/zonaroja.com.mx\/index.php?rest_route=%2Fwp%2Fv2%2Fmedia&parent=75561"}],"wp:term":[{"taxonomy":"category","embeddable":true,"href":"https:\/\/zonaroja.com.mx\/index.php?rest_route=%2Fwp%2Fv2%2Fcategories&post=75561"},{"taxonomy":"post_tag","embeddable":true,"href":"https:\/\/zonaroja.com.mx\/index.php?rest_route=%2Fwp%2Fv2%2Ftags&post=75561"}],"curies":[{"name":"wp","href":"https:\/\/api.w.org\/{rel}","templated":true}]}}