{"id":75564,"date":"2024-12-16T19:46:54","date_gmt":"2024-12-17T01:46:54","guid":{"rendered":"https:\/\/zonaroja.com.mx\/?p=75564"},"modified":"2024-12-16T19:46:56","modified_gmt":"2024-12-17T01:46:56","slug":"tras-reproches-de-sindicatos-y-empresarios-congelan-ley-del-infonavit","status":"publish","type":"post","link":"https:\/\/zonaroja.com.mx\/?p=75564","title":{"rendered":"Tras reproches de sindicatos y empresarios, \u201ccongelan\u201d Ley del Infonavit"},"content":{"rendered":"\n<p>Redacci\u00f3n\/Zona Roja Cdmx.<\/p>\n\n\n\n<p>Ciudad de M\u00e9xico, a 16 de diciembre de 2024.- Despu\u00e9s de consultas con empresarios y sindicatos, Morena en la C\u00e1mara de Diputados fren\u00f3 la aprobaci\u00f3n de la reforma a la Ley del Infonavit y a la Ley Federal del Trabajo que busca regular la construcci\u00f3n de vivienda a trav\u00e9s de una filial mercantil y cancel\u00f3 por ello el periodo extraordinario previsto para el mi\u00e9rcoles.<\/p>\n\n\n\n<p>En conferencia de prensa, el coordinador de la bancada, Ricardo Monreal \u00c1vila, inform\u00f3 que la discusi\u00f3n se trasladar\u00e1 \u201cal a\u00f1o que entra\u201d, pues el dictamen ser\u00e1 revisado a partir de las observaciones que se presentaron.<\/p>\n\n\n\n<p>\u201cNo vamos a precipitar ma\u00f1ana a la aprobaci\u00f3n\u201c del periodo extraordinario dijo, en referencia a que se preve\u00eda que la Comisi\u00f3n Permanente del Congreso ten\u00eda previsto convocar a una sesi\u00f3n para discutir el tema.<\/p>\n\n\n\n<p>En cambio, dijo, se dar\u00e1 paso a un \u201cperiodo de reflexi\u00f3n\u201d y la reforma ya no se analizar\u00e1 en los \u00faltimos d\u00edas de diciembre.<\/p>\n\n\n\n<p>Monreal refiri\u00f3 que desde ayer y este lunes sostuvo conversaciones con empresarios y sindicatos, as\u00ed como con diputados de Morena, PT y PVEM. Expuso que si bien obtuvo el respaldo de los legisladores para citar al extraordinario, prefiri\u00f3 revisar a fondo la minuta que vot\u00f3 el Senado el viernes.<\/p>\n\n\n\n<p>(Informaci\u00f3n de \u201cLa Jornada\u201d)<\/p>\n","protected":false},"excerpt":{"rendered":"<p>Redacci\u00f3n\/Zona Roja Cdmx. Ciudad de M\u00e9xico, a 16 de diciembre de 2024.- Despu\u00e9s de consultas&hellip;<\/p>\n","protected":false},"author":2,"featured_media":67624,"comment_status":"closed","ping_status":"open","sticky":false,"template":"","format":"standard","meta":{"_lmt_disableupdate":"","_lmt_disable":"","_jetpack_memberships_contains_paid_content":false,"footnotes":""},"categories":[109,46],"tags":[736],"class_list":["post-75564","post","type-post","status-publish","format-standard","has-post-thumbnail","hentry","category-minuto-a-minuto","category-zona-blanca","tag-camara-de-diputados"],"jetpack_featured_media_url":"https:\/\/zonaroja.com.mx\/wp-content\/uploads\/2024\/04\/Aprueba-Camara-de-Diputados-Ley-de-Amnistia.webp","jetpack_sharing_enabled":true,"_links":{"self":[{"href":"https:\/\/zonaroja.com.mx\/index.php?rest_route=\/wp\/v2\/posts\/75564","targetHints":{"allow":["GET"]}}],"collection":[{"href":"https:\/\/zonaroja.com.mx\/index.php?rest_route=\/wp\/v2\/posts"}],"about":[{"href":"https:\/\/zonaroja.com.mx\/index.php?rest_route=\/wp\/v2\/types\/post"}],"author":[{"embeddable":true,"href":"https:\/\/zonaroja.com.mx\/index.php?rest_route=\/wp\/v2\/users\/2"}],"replies":[{"embeddable":true,"href":"https:\/\/zonaroja.com.mx\/index.php?rest_route=%2Fwp%2Fv2%2Fcomments&post=75564"}],"version-history":[{"count":1,"href":"https:\/\/zonaroja.com.mx\/index.php?rest_route=\/wp\/v2\/posts\/75564\/revisions"}],"predecessor-version":[{"id":75565,"href":"https:\/\/zonaroja.com.mx\/index.php?rest_route=\/wp\/v2\/posts\/75564\/revisions\/75565"}],"wp:featuredmedia":[{"embeddable":true,"href":"https:\/\/zonaroja.com.mx\/index.php?rest_route=\/wp\/v2\/media\/67624"}],"wp:attachment":[{"href":"https:\/\/zonaroja.com.mx\/index.php?rest_route=%2Fwp%2Fv2%2Fmedia&parent=75564"}],"wp:term":[{"taxonomy":"category","embeddable":true,"href":"https:\/\/zonaroja.com.mx\/index.php?rest_route=%2Fwp%2Fv2%2Fcategories&post=75564"},{"taxonomy":"post_tag","embeddable":true,"href":"https:\/\/zonaroja.com.mx\/index.php?rest_route=%2Fwp%2Fv2%2Ftags&post=75564"}],"curies":[{"name":"wp","href":"https:\/\/api.w.org\/{rel}","templated":true}]}}