{"id":75566,"date":"2024-12-16T20:49:28","date_gmt":"2024-12-17T02:49:28","guid":{"rendered":"https:\/\/zonaroja.com.mx\/?p=75566"},"modified":"2024-12-16T20:49:31","modified_gmt":"2024-12-17T02:49:31","slug":"se-suman-sindicatos-a-la-lucha-de-burocratas-despedidos-en-oaxaca","status":"publish","type":"post","link":"https:\/\/zonaroja.com.mx\/?p=75566","title":{"rendered":"Se suman sindicatos a la lucha de bur\u00f3cratas despedidos en Oaxaca"},"content":{"rendered":"\n<p>Raymundo Morales\/Zona Roja.<\/p>\n\n\n\n<p>Oaxaca de Ju\u00e1rez, Oax., a 16 de diciembre de 2024.- M\u00e1s sindicatos de trabajadores en Oaxaca y organizaciones sociales se sumaron en solidaridad y respaldo al sindicato de bur\u00f3cratas y a los mil 344 trabajadores despedidos por el gobierno.<\/p>\n\n\n\n<p>La ma\u00f1ana de hoy, en el marco de la movilizaci\u00f3n por el 45 aniversario de la Coordinadora Nacional de Trabajadores de la Educaci\u00f3n, la secretaria General, Yenny Aracely P\u00e9rez Mart\u00ednez, manifest\u00f3 su respaldo.<\/p>\n\n\n\n<p>\u201cComo Secci\u00f3n 22 y como SNTE pues no s\u00f3lo hemos luchado por el magisterio, hemos luchado por el acompa\u00f1amiento de todas las luchas de la clase social, de la clase obrera, siempre por la defensa de los derechos laborales.<\/p>\n\n\n\n<p>\u201cSolidarizarnos con cualquier injusticia que cometa no no s\u00f3lo el gobierno estatal sino el gobierno federal, por violentar sus derechos\u201d, dijo en entrevista colectiva.<\/p>\n\n\n\n<p>Precis\u00f3 que no ha habido acercamiento entre ambos gremios (Secci\u00f3n 22 y el Sindicato de Trabajadores de los Poderes del Estado; \u201cpero a los trabajadores desde luego, extenuares ese apoyo solidario\u201d.<\/p>\n\n\n\n<p>Este mediod\u00eda, desde el z\u00f3calo de la ciudad de Oaxaca, la Alianza de Pueblos por la Justicia Social (que aglutina a varias organizaciones), tambi\u00e9n fij\u00f3 su posicionamiento a favor de los afectados.<\/p>\n\n\n\n<p>\u201cDe manera general nos solidarizamos; se ha ocupado el argumento de la corrupci\u00f3n; primero se contradijeron que se ahorrar\u00edan m\u00e1s de dos mil millones de pesos; haciendo cuentas, pareciera que cada trabajador ganara m\u00e1s de 100 mil pesos\u201d.&nbsp;<\/p>\n\n\n\n<p>\u201cA quienes se tiene que castigar son quienes vendieron esas bases y sobre esos tiene que haber un juicio, cuentas ante la ley, pero parece que eso se les olvida\u201d, manifest\u00f3 el dirigente de la agrupaci\u00f3n social.<\/p>\n\n\n\n<p>Ayer domingo, un sindicato de trabajadores del ayuntamiento de Oaxaca de Ju\u00e1rez extern\u00f3 su respaldo, al igual que lo hizo la CROC y el Sindicato de Trabajadores y Empleados de la Universidad Aut\u00f3noma \u201cBenito Ju\u00e1rez\u201d de Oaxaca.<\/p>\n\n\n\n<p>En tanto, este martes, afiliados a la Secci\u00f3n 35 del Sindicato Nacional de Trabajadores de la Secretar\u00eda de Salud, prev\u00e9n fijar su posicionamiento a favor de los bur\u00f3cratas despedidos, en el marco de las m\u00faltiples protestas que realizar\u00e1n.<\/p>\n","protected":false},"excerpt":{"rendered":"<p>Raymundo Morales\/Zona Roja. Oaxaca de Ju\u00e1rez, Oax., a 16 de diciembre de 2024.- M\u00e1s sindicatos&hellip;<\/p>\n","protected":false},"author":2,"featured_media":75567,"comment_status":"closed","ping_status":"open","sticky":false,"template":"","format":"standard","meta":{"_lmt_disableupdate":"","_lmt_disable":"","_jetpack_memberships_contains_paid_content":false,"footnotes":""},"categories":[109,47],"tags":[972],"class_list":["post-75566","post","type-post","status-publish","format-standard","has-post-thumbnail","hentry","category-minuto-a-minuto","category-zona-gris","tag-stpeidceo"],"jetpack_featured_media_url":"https:\/\/zonaroja.com.mx\/wp-content\/uploads\/2024\/12\/Protesta-de-burocratas-en-el-Centro-de-Convenciones-Oaxaca.jpg","jetpack_sharing_enabled":true,"_links":{"self":[{"href":"https:\/\/zonaroja.com.mx\/index.php?rest_route=\/wp\/v2\/posts\/75566","targetHints":{"allow":["GET"]}}],"collection":[{"href":"https:\/\/zonaroja.com.mx\/index.php?rest_route=\/wp\/v2\/posts"}],"about":[{"href":"https:\/\/zonaroja.com.mx\/index.php?rest_route=\/wp\/v2\/types\/post"}],"author":[{"embeddable":true,"href":"https:\/\/zonaroja.com.mx\/index.php?rest_route=\/wp\/v2\/users\/2"}],"replies":[{"embeddable":true,"href":"https:\/\/zonaroja.com.mx\/index.php?rest_route=%2Fwp%2Fv2%2Fcomments&post=75566"}],"version-history":[{"count":1,"href":"https:\/\/zonaroja.com.mx\/index.php?rest_route=\/wp\/v2\/posts\/75566\/revisions"}],"predecessor-version":[{"id":75568,"href":"https:\/\/zonaroja.com.mx\/index.php?rest_route=\/wp\/v2\/posts\/75566\/revisions\/75568"}],"wp:featuredmedia":[{"embeddable":true,"href":"https:\/\/zonaroja.com.mx\/index.php?rest_route=\/wp\/v2\/media\/75567"}],"wp:attachment":[{"href":"https:\/\/zonaroja.com.mx\/index.php?rest_route=%2Fwp%2Fv2%2Fmedia&parent=75566"}],"wp:term":[{"taxonomy":"category","embeddable":true,"href":"https:\/\/zonaroja.com.mx\/index.php?rest_route=%2Fwp%2Fv2%2Fcategories&post=75566"},{"taxonomy":"post_tag","embeddable":true,"href":"https:\/\/zonaroja.com.mx\/index.php?rest_route=%2Fwp%2Fv2%2Ftags&post=75566"}],"curies":[{"name":"wp","href":"https:\/\/api.w.org\/{rel}","templated":true}]}}