{"id":75569,"date":"2024-12-16T22:13:30","date_gmt":"2024-12-17T04:13:30","guid":{"rendered":"https:\/\/zonaroja.com.mx\/?p=75569"},"modified":"2024-12-16T22:13:31","modified_gmt":"2024-12-17T04:13:31","slug":"lunes-caotico-de-marchas-y-protestas-alianza-de-pueblos-inicia-planton","status":"publish","type":"post","link":"https:\/\/zonaroja.com.mx\/?p=75569","title":{"rendered":"Lunes ca\u00f3tico de marchas y protestas; Alianza de Pueblos inicia \u201cplant\u00f3n\u201d"},"content":{"rendered":"\n<p>Ismael Garc\u00eda M.\/Zona Roja.<\/p>\n\n\n\n<p>Oaxaca de Ju\u00e1rez, Oax., a 16 de diciembre de 2024.- Al menos cuatro protestas y marchas se registraron este lunes en la ciudad de Oaxaca y una m\u00e1s en el interior del estado, al iniciar una semana ca\u00f3tica, que se prev\u00e9 intensificar ma\u00f1ana.<\/p>\n\n\n\n<p>A temprana hora, integrantes de la Alianza de Pueblos por la Justicia Social protestaron afuera del Palacio de Gobierno, para exigir atenci\u00f3n a diversas demandas en materia de administraci\u00f3n y procuraci\u00f3n de justicia, as\u00ed como otros planteamientos en apoyo a comunidades ind\u00edgenas.<\/p>\n\n\n\n<p>A falta de atenci\u00f3n y a invitaci\u00f3n de la Secci\u00f3n 22 del SNTE, participaron en la marcha magisterial y posteriormente se instalaron en \u201cplant\u00f3n\u201d afuera de la sede del Poder Ejecutivo.<\/p>\n\n\n\n<p>En conferencia de prensa, adem\u00e1s de expresar su respaldo a los trabajadores despedidos por el Gobierno del Estado, reclamaron la nula atenci\u00f3n a las demandas de las organizaciones que lo conforman.<\/p>\n\n\n\n<p>Ante lo cual, anunciaron que las movilizaciones continuar\u00e1n e ir\u00e1n escal\u00e1ndotelos paulatinamente hasta lograr una mesa de di\u00e1logo con las autoridades estatales.<\/p>\n\n\n\n<p>Otra agrupaci\u00f3n, Frente de Organizaciones Oaxaque\u00f1as (FORO), lleg\u00f3 tambi\u00e9n al Palacio de Gobierno para demandar atenci\u00f3n a la Secretar\u00eda de Gobierno, en diversas peticiones para las comunidades que representa.<\/p>\n\n\n\n<p>Mientras que, en el marco de la conmemoraci\u00f3n del 45 aniversario de la creaci\u00f3n de la Coordinadora Nacional de Trabajadores de la Educaci\u00f3n (CNTE), la Secci\u00f3n 22 del SNTE march\u00f3 del crucero vial hacia Tuxtepec hacia el centro de la capital.<\/p>\n\n\n\n<p>Ello para insistir que el gobierno federal atienda las demandas pendientes y la abrogaci\u00f3n de la reforma educativa, as\u00ed como reformas a la ley del ISSSTE, que lesionan los derechos laborales.<\/p>\n\n\n\n<p>Por otra parte, alrededor del mediod\u00eda, trabajadores afiliados a la Subsecci\u00f3n 07 de la Secci\u00f3n 35 del Sindicato Nacional de Trabajadores de Salud, bloque\u00f3 por varias horas las inmediaciones del nosocomio, en la colonia Reforma de la capital.<\/p>\n\n\n\n<p>Las demandas son que el IMSS-Bienestar cubra las prestaciones laborales pendientes, las cuales se comprometi\u00f3 a pagar hoy, pero no lo hizo.&nbsp;<\/p>\n\n\n\n<p>Ante ello, los sindicalizados de manera generalizada efectuar\u00e1n este martes bloqueos y cierre de centros comerciales en las principales ciudades del estado.<\/p>\n\n\n\n<p>Mientras que en la comunidad de Guadalupe de Reyes, del municipio de Acatl\u00e1n de P\u00e9rez Figueroa, municipio de la regi\u00f3n Cuenca, hubo otro bloqueo carretero.<\/p>\n","protected":false},"excerpt":{"rendered":"<p>Ismael Garc\u00eda M.\/Zona Roja. Oaxaca de Ju\u00e1rez, Oax., a 16 de diciembre de 2024.- Al&hellip;<\/p>\n","protected":false},"author":2,"featured_media":75571,"comment_status":"closed","ping_status":"open","sticky":false,"template":"","format":"standard","meta":{"_lmt_disableupdate":"","_lmt_disable":"","_jetpack_memberships_contains_paid_content":false,"footnotes":""},"categories":[109,47],"tags":[2264],"class_list":["post-75569","post","type-post","status-publish","format-standard","has-post-thumbnail","hentry","category-minuto-a-minuto","category-zona-gris","tag-bloqueos-y-protestas-oaxaca"],"jetpack_featured_media_url":"https:\/\/zonaroja.com.mx\/wp-content\/uploads\/2024\/12\/Conferencia-Alianza-de-Pueblos-por-la-Justicia-Social.jpg","jetpack_sharing_enabled":true,"_links":{"self":[{"href":"https:\/\/zonaroja.com.mx\/index.php?rest_route=\/wp\/v2\/posts\/75569","targetHints":{"allow":["GET"]}}],"collection":[{"href":"https:\/\/zonaroja.com.mx\/index.php?rest_route=\/wp\/v2\/posts"}],"about":[{"href":"https:\/\/zonaroja.com.mx\/index.php?rest_route=\/wp\/v2\/types\/post"}],"author":[{"embeddable":true,"href":"https:\/\/zonaroja.com.mx\/index.php?rest_route=\/wp\/v2\/users\/2"}],"replies":[{"embeddable":true,"href":"https:\/\/zonaroja.com.mx\/index.php?rest_route=%2Fwp%2Fv2%2Fcomments&post=75569"}],"version-history":[{"count":1,"href":"https:\/\/zonaroja.com.mx\/index.php?rest_route=\/wp\/v2\/posts\/75569\/revisions"}],"predecessor-version":[{"id":75572,"href":"https:\/\/zonaroja.com.mx\/index.php?rest_route=\/wp\/v2\/posts\/75569\/revisions\/75572"}],"wp:featuredmedia":[{"embeddable":true,"href":"https:\/\/zonaroja.com.mx\/index.php?rest_route=\/wp\/v2\/media\/75571"}],"wp:attachment":[{"href":"https:\/\/zonaroja.com.mx\/index.php?rest_route=%2Fwp%2Fv2%2Fmedia&parent=75569"}],"wp:term":[{"taxonomy":"category","embeddable":true,"href":"https:\/\/zonaroja.com.mx\/index.php?rest_route=%2Fwp%2Fv2%2Fcategories&post=75569"},{"taxonomy":"post_tag","embeddable":true,"href":"https:\/\/zonaroja.com.mx\/index.php?rest_route=%2Fwp%2Fv2%2Ftags&post=75569"}],"curies":[{"name":"wp","href":"https:\/\/api.w.org\/{rel}","templated":true}]}}