{"id":75573,"date":"2024-12-17T06:57:00","date_gmt":"2024-12-17T12:57:00","guid":{"rendered":"https:\/\/zonaroja.com.mx\/?p=75573"},"modified":"2024-12-17T06:57:02","modified_gmt":"2024-12-17T12:57:02","slug":"inicia-hoy-revision-personal-de-despedidos-en-gobierno-de-oaxaca","status":"publish","type":"post","link":"https:\/\/zonaroja.com.mx\/?p=75573","title":{"rendered":"Inicia hoy revisi\u00f3n personal de despedidos en gobierno de Oaxaca"},"content":{"rendered":"\n<p>Ismael Garc\u00eda M.\/Zona Roja.<\/p>\n\n\n\n<p>Oaxaca de Ju\u00e1rez, Oax., a 17 de diciembre de 2024.- Este martes la Secretar\u00eda de Administraci\u00f3n del gobierno de Oaxaca inicia la recepci\u00f3n de documentos de las mil 344 personas cesadas en su empleo.<\/p>\n\n\n\n<p>La actividad culminar\u00e1 el pr\u00f3ximo s\u00e1bado y los afectados deber\u00e1n llevar los documentos que acrediten su relaci\u00f3n laboral, con un m\u00ednimo de seis meses.<\/p>\n\n\n\n<p>Este fue el acuerdo logrado anoche y la madrugada de este martes tras la reuni\u00f3n de representantes y dirigencia del Sindicato de Trabajadores de los Poderes del Estado e Instituciones Descentralizadas de Car\u00e1cter Estatal de Oaxaca (STPEIDCEO) con autoridades estatales.<\/p>\n\n\n\n<p>Previo a ello, desde las seis de la tarde, cientos de sindicalizados se congregaron de nuevo en el exterior del Centro Cultural y de Convenciones de Oaxaca, en jurisdicci\u00f3n de Santa Luc\u00eda del Camino, donde permanecieron hasta las primeras horas de hoy.<\/p>\n\n\n\n<p>Seg\u00fan inform\u00f3 el gremio, que aglutina a m\u00e1s de 13 mil trabajadores de bases, este martes deber\u00e1n acudir empleados cesados con el primer apellido de la A a la M; ma\u00f1ana ser\u00e1 de la N a la Z, en la sede de Administraci\u00f3n ubicada en el complejo gubernamental de Ciudad Administrativa.<\/p>\n\n\n\n<p>Posteriormente, del jueves 19 al s\u00e1bado 21, deber\u00e1n acudir por dependencias y organismos p\u00fablicos al que estaban asignados, conforme al calendario que fue dado a conocer por el STPEIDCEO.<\/p>\n\n\n\n<p>Con ello se prev\u00e9 que los sindicalizados de base regresen a sus actividades normales, mientras que quienes se encuentran en periodo vacacional, contin\u00faen con su descanso.&nbsp;<\/p>\n\n\n\n<p>Ayer lunes no se registr\u00f3 ning\u00fan otro paro de labores ni afectaci\u00f3n a instancias del Gobierno del Estado. Pese a ello, el Congreso del Estado sesion\u00f3 ayer por la tarde de manera virtual.<\/p>\n\n\n\n<figure class=\"wp-block-embed is-type-rich is-provider-twitter wp-block-embed-twitter\"><div class=\"wp-block-embed__wrapper\">\n<div class=\"twitter-tweet\"><blockquote class=\"twitter-tweet\" data-lang=\"es\"><p lang=\"es\" dir=\"ltr\"><a href=\"https:\/\/twitter.com\/hashtag\/%C3%9AltimoMinuto?src=hash&amp;ref_src=twsrc%5Etfw\">#\u00daltimoMinuto<\/a><br>Concluye la reuni\u00f3n de autoridades estatales con lo trabajadores afectados por la extinci\u00f3n de su plaza. <br>Sin embargo, a esta hora contin\u00faan cientos de personas en el exterior del Centro de Convenciones de Oaxaca, a la espera de informaci\u00f3n de la dirigencia del\u2026 <a href=\"https:\/\/t.co\/eLfF1F2TmK\">pic.twitter.com\/eLfF1F2TmK<\/a><\/p>&mdash; Zona Roja Oaxaca (@ZonaRoja_Oaxaca) <a href=\"https:\/\/twitter.com\/ZonaRoja_Oaxaca\/status\/1868890320123130216?ref_src=twsrc%5Etfw\">17 de diciembre de 2024<\/a><\/blockquote><\/div>\n<\/div><\/figure>\n","protected":false},"excerpt":{"rendered":"<p>Ismael Garc\u00eda M.\/Zona Roja. Oaxaca de Ju\u00e1rez, Oax., a 17 de diciembre de 2024.- Este&hellip;<\/p>\n","protected":false},"author":2,"featured_media":75574,"comment_status":"closed","ping_status":"open","sticky":false,"template":"","format":"standard","meta":{"_lmt_disableupdate":"","_lmt_disable":"","_jetpack_memberships_contains_paid_content":false,"footnotes":""},"categories":[109,46],"tags":[972],"class_list":["post-75573","post","type-post","status-publish","format-standard","has-post-thumbnail","hentry","category-minuto-a-minuto","category-zona-blanca","tag-stpeidceo"],"jetpack_featured_media_url":"https:\/\/zonaroja.com.mx\/wp-content\/uploads\/2024\/12\/Protesta-STPEIDCEO-sindicaro-burocratas-Oaxaca.jpg","jetpack_sharing_enabled":true,"_links":{"self":[{"href":"https:\/\/zonaroja.com.mx\/index.php?rest_route=\/wp\/v2\/posts\/75573","targetHints":{"allow":["GET"]}}],"collection":[{"href":"https:\/\/zonaroja.com.mx\/index.php?rest_route=\/wp\/v2\/posts"}],"about":[{"href":"https:\/\/zonaroja.com.mx\/index.php?rest_route=\/wp\/v2\/types\/post"}],"author":[{"embeddable":true,"href":"https:\/\/zonaroja.com.mx\/index.php?rest_route=\/wp\/v2\/users\/2"}],"replies":[{"embeddable":true,"href":"https:\/\/zonaroja.com.mx\/index.php?rest_route=%2Fwp%2Fv2%2Fcomments&post=75573"}],"version-history":[{"count":1,"href":"https:\/\/zonaroja.com.mx\/index.php?rest_route=\/wp\/v2\/posts\/75573\/revisions"}],"predecessor-version":[{"id":75575,"href":"https:\/\/zonaroja.com.mx\/index.php?rest_route=\/wp\/v2\/posts\/75573\/revisions\/75575"}],"wp:featuredmedia":[{"embeddable":true,"href":"https:\/\/zonaroja.com.mx\/index.php?rest_route=\/wp\/v2\/media\/75574"}],"wp:attachment":[{"href":"https:\/\/zonaroja.com.mx\/index.php?rest_route=%2Fwp%2Fv2%2Fmedia&parent=75573"}],"wp:term":[{"taxonomy":"category","embeddable":true,"href":"https:\/\/zonaroja.com.mx\/index.php?rest_route=%2Fwp%2Fv2%2Fcategories&post=75573"},{"taxonomy":"post_tag","embeddable":true,"href":"https:\/\/zonaroja.com.mx\/index.php?rest_route=%2Fwp%2Fv2%2Ftags&post=75573"}],"curies":[{"name":"wp","href":"https:\/\/api.w.org\/{rel}","templated":true}]}}