{"id":75576,"date":"2024-12-17T08:15:00","date_gmt":"2024-12-17T14:15:00","guid":{"rendered":"https:\/\/zonaroja.com.mx\/?p=75576"},"modified":"2024-12-17T08:52:16","modified_gmt":"2024-12-17T14:52:16","slug":"se-intensifica-violencia-en-el-istmo-un-ejecutado-y-un-baleado","status":"publish","type":"post","link":"https:\/\/zonaroja.com.mx\/?p=75576","title":{"rendered":"Se intensifica violencia en el Istmo: un ejecutado y un baleado"},"content":{"rendered":"\n<p>Raymundo Morales\/Zona Roja.<\/p>\n\n\n\n<p>Oaxaca de Ju\u00e1rez, Oax., a 17 de diciembre de 2024.- La violencia se recrudeci\u00f3 en las \u00faltimas 24 horas en la regi\u00f3n del Istmo de Tehuantepec.<\/p>\n\n\n\n<p>Esta ma\u00f1ana, una persona del sexo masculino, identificada como Orling M., fue ejecutada a balazos en el municipio de Salina Cruz.<\/p>\n\n\n\n<p>El crimen se perpetr\u00f3 en la calle Venustiano Carranza de la colonia Los Pinos, cerca de un plantel educativo, donde fue localizado el cuerpo sin vida y con varios impactos de arma de fuego.<\/p>\n\n\n\n<p>Hasta el momento no hay ninguna pista del o de los agresores y la Vicefiscal\u00eda Regional del Istmo, de la Fiscal\u00eda General del Estado, inici\u00f3 las indagatorias correspondientes.<\/p>\n\n\n\n<p>Por otra parte, en el municipio de Santo Domingo Tehuantepec, una persona del sexo masculino fue agredida a balazos, tras presuntamente resistirse a un asalto.<\/p>\n\n\n\n<p>El hecho ocurri\u00f3 en una vialidad del fraccionamiento Siglo XXI, cuando la v\u00edctima transitaba a bordo de su veh\u00edculo y fue interceptado por al menos dos sujetos en motocicleta y armado.<\/p>\n\n\n\n<p>Al oponer resistencia, le dispararon en diversas ocasiones, tras lo cual huyeron; gravemente herido, el individuo fue trasladado a un hospital, donde lo reportan delicado de salud.<\/p>\n\n\n\n<p>Apenas ayer, en la colonia Benito Ju\u00e1rez de Tehuantepec, una persona muri\u00f3 tras ser atacada con arma blanca, presuntamente a causa de una ri\u00f1a.<\/p>\n","protected":false},"excerpt":{"rendered":"<p>Raymundo Morales\/Zona Roja. Oaxaca de Ju\u00e1rez, Oax., a 17 de diciembre de 2024.- La violencia&hellip;<\/p>\n","protected":false},"author":2,"featured_media":75577,"comment_status":"closed","ping_status":"open","sticky":false,"template":"","format":"standard","meta":{"_lmt_disableupdate":"","_lmt_disable":"","_jetpack_memberships_contains_paid_content":false,"footnotes":""},"categories":[109,51],"tags":[168],"class_list":["post-75576","post","type-post","status-publish","format-standard","has-post-thumbnail","hentry","category-minuto-a-minuto","category-zona-roja","tag-salina-cruz"],"jetpack_featured_media_url":"https:\/\/zonaroja.com.mx\/wp-content\/uploads\/2024\/12\/Asesinado-en-Salina-CRuz.jpg","jetpack_sharing_enabled":true,"_links":{"self":[{"href":"https:\/\/zonaroja.com.mx\/index.php?rest_route=\/wp\/v2\/posts\/75576","targetHints":{"allow":["GET"]}}],"collection":[{"href":"https:\/\/zonaroja.com.mx\/index.php?rest_route=\/wp\/v2\/posts"}],"about":[{"href":"https:\/\/zonaroja.com.mx\/index.php?rest_route=\/wp\/v2\/types\/post"}],"author":[{"embeddable":true,"href":"https:\/\/zonaroja.com.mx\/index.php?rest_route=\/wp\/v2\/users\/2"}],"replies":[{"embeddable":true,"href":"https:\/\/zonaroja.com.mx\/index.php?rest_route=%2Fwp%2Fv2%2Fcomments&post=75576"}],"version-history":[{"count":2,"href":"https:\/\/zonaroja.com.mx\/index.php?rest_route=\/wp\/v2\/posts\/75576\/revisions"}],"predecessor-version":[{"id":75588,"href":"https:\/\/zonaroja.com.mx\/index.php?rest_route=\/wp\/v2\/posts\/75576\/revisions\/75588"}],"wp:featuredmedia":[{"embeddable":true,"href":"https:\/\/zonaroja.com.mx\/index.php?rest_route=\/wp\/v2\/media\/75577"}],"wp:attachment":[{"href":"https:\/\/zonaroja.com.mx\/index.php?rest_route=%2Fwp%2Fv2%2Fmedia&parent=75576"}],"wp:term":[{"taxonomy":"category","embeddable":true,"href":"https:\/\/zonaroja.com.mx\/index.php?rest_route=%2Fwp%2Fv2%2Fcategories&post=75576"},{"taxonomy":"post_tag","embeddable":true,"href":"https:\/\/zonaroja.com.mx\/index.php?rest_route=%2Fwp%2Fv2%2Ftags&post=75576"}],"curies":[{"name":"wp","href":"https:\/\/api.w.org\/{rel}","templated":true}]}}