{"id":75579,"date":"2024-12-17T09:21:00","date_gmt":"2024-12-17T15:21:00","guid":{"rendered":"https:\/\/zonaroja.com.mx\/?p=75579"},"modified":"2024-12-17T07:29:27","modified_gmt":"2024-12-17T13:29:27","slug":"sera-justa-y-puntual-la-revision-de-plazas-suprimidas-jara","status":"publish","type":"post","link":"https:\/\/zonaroja.com.mx\/?p=75579","title":{"rendered":"Ser\u00e1 justa y puntual la revisi\u00f3n de plazas suprimidas: Jara"},"content":{"rendered":"\n<p>Redacci\u00f3n\/Zona Roja.<\/p>\n\n\n\n<p>Oaxaca de Ju\u00e1rez, Oax., 17 de diciembre de 2024.- El Gobernador del Estado, Salom\u00f3n Jara Cruz, dej\u00f3 claro que no habr\u00e1 ning\u00fan decreto para suprimir plazas adicionales, pero tambi\u00e9n no habr\u00e1 injusticia, ello luego de la supresi\u00f3n de mil 344 plazas administrativas otorgadas en administraciones anteriores de manera irregular y fuera de la ley.&nbsp;<\/p>\n\n\n\n<p>El mandatario oaxaque\u00f1o puntualiz\u00f3 que instruy\u00f3 una mesa de atenci\u00f3n que tendr\u00e1 por objeto revisar caso por caso, cada una de las plazas suprimidas, priorizando a las personas que se encuentren en situaci\u00f3n vulnerable o que cuentan con alguna discapacidad.&nbsp;<\/p>\n\n\n\n<p>Jara Cruz inform\u00f3 en su conferencia de prensa matutina de ayer que presentar\u00e1 una iniciativa de ley ante el Congreso del Estado para que ya no se otorguen m\u00e1s bases en la administraci\u00f3n estatal.&nbsp;<\/p>\n\n\n\n<p>\u201cLas bases otorgadas representan una afectaci\u00f3n al erario y al pueblo de Oaxaca, no es que estemos en contra de las y los trabajadores, si existen elementos para acreditar la legalidad de las plazas obtenidas se har\u00e1 lo necesario para procesar su reinstalaci\u00f3n\u201d, asegur\u00f3.&nbsp;<\/p>\n\n\n\n<p>Detall\u00f3 que en el pasado se otorgaron m\u00e1s bases al amparo del poder p\u00fablico y en acuerdo con las dirigencias sindicales se cometieron actos de corrupci\u00f3n.&nbsp;<\/p>\n\n\n\n<p>Mencion\u00f3 que junto a las secretar\u00edas de Administraci\u00f3n, de Gobierno y de Honestidad, Transparencia y Funci\u00f3n P\u00fablica, as\u00ed como de la Consejer\u00eda Jur\u00eddica y Asistencia Legal este domingo se firm\u00f3 una minuta de acuerdo.&nbsp;<\/p>\n\n\n\n<p>En dicho documento se establece que se mantendr\u00e1 una mesa de trabajo con la representaci\u00f3n sindical y con las personas trabajadoras para revisar cada una de las plazas suprimidas.&nbsp;<\/p>\n\n\n\n<p>Tambi\u00e9n, asegur\u00f3 que se respetar\u00e1n sus derechos laborales como son la prima vacacional, aguinaldo \u00edntegro y la canasta navide\u00f1a.\u00a0<\/p>\n\n\n\n<figure class=\"wp-block-embed is-type-rich is-provider-twitter wp-block-embed-twitter\"><div class=\"wp-block-embed__wrapper\">\n<div class=\"twitter-tweet\"><blockquote class=\"twitter-tweet\" data-lang=\"es\"><p lang=\"es\" dir=\"ltr\">Esta ma\u00f1ana en conferencia de prensa, el gobernador <a href=\"https:\/\/twitter.com\/salomonj?ref_src=twsrc%5Etfw\">@salomonj<\/a> habl\u00f3 del tema del decreto para la extinci\u00f3n de mil 344 plazas laborales.<br><br>Expres\u00f3 su respeto a las y los trabajadores del <a href=\"https:\/\/twitter.com\/GobOax?ref_src=twsrc%5Etfw\">@GobOax<\/a>, as\u00ed como sus derechos sindicales.<br><br>Habl\u00f3 de los acuerdos alcanzados el fin de semana\u2026 <a href=\"https:\/\/t.co\/K9gWRxFoOd\">pic.twitter.com\/K9gWRxFoOd<\/a><\/p>&mdash; Zona Roja Oaxaca (@ZonaRoja_Oaxaca) <a href=\"https:\/\/twitter.com\/ZonaRoja_Oaxaca\/status\/1868682669191831669?ref_src=twsrc%5Etfw\">16 de diciembre de 2024<\/a><\/blockquote><\/div>\n<\/div><\/figure>\n","protected":false},"excerpt":{"rendered":"<p>Redacci\u00f3n\/Zona Roja. Oaxaca de Ju\u00e1rez, Oax., 17 de diciembre de 2024.- El Gobernador del Estado,&hellip;<\/p>\n","protected":false},"author":2,"featured_media":75580,"comment_status":"closed","ping_status":"open","sticky":false,"template":"","format":"standard","meta":{"_lmt_disableupdate":"","_lmt_disable":"","_jetpack_memberships_contains_paid_content":false,"footnotes":""},"categories":[109,46],"tags":[939],"class_list":["post-75579","post","type-post","status-publish","format-standard","has-post-thumbnail","hentry","category-minuto-a-minuto","category-zona-blanca","tag-salomon-jara-cruz"],"jetpack_featured_media_url":"https:\/\/zonaroja.com.mx\/wp-content\/uploads\/2024\/12\/Bases-otorgadas-por-gobierno-sexenio-Oaxaca.jpeg","jetpack_sharing_enabled":true,"_links":{"self":[{"href":"https:\/\/zonaroja.com.mx\/index.php?rest_route=\/wp\/v2\/posts\/75579","targetHints":{"allow":["GET"]}}],"collection":[{"href":"https:\/\/zonaroja.com.mx\/index.php?rest_route=\/wp\/v2\/posts"}],"about":[{"href":"https:\/\/zonaroja.com.mx\/index.php?rest_route=\/wp\/v2\/types\/post"}],"author":[{"embeddable":true,"href":"https:\/\/zonaroja.com.mx\/index.php?rest_route=\/wp\/v2\/users\/2"}],"replies":[{"embeddable":true,"href":"https:\/\/zonaroja.com.mx\/index.php?rest_route=%2Fwp%2Fv2%2Fcomments&post=75579"}],"version-history":[{"count":1,"href":"https:\/\/zonaroja.com.mx\/index.php?rest_route=\/wp\/v2\/posts\/75579\/revisions"}],"predecessor-version":[{"id":75581,"href":"https:\/\/zonaroja.com.mx\/index.php?rest_route=\/wp\/v2\/posts\/75579\/revisions\/75581"}],"wp:featuredmedia":[{"embeddable":true,"href":"https:\/\/zonaroja.com.mx\/index.php?rest_route=\/wp\/v2\/media\/75580"}],"wp:attachment":[{"href":"https:\/\/zonaroja.com.mx\/index.php?rest_route=%2Fwp%2Fv2%2Fmedia&parent=75579"}],"wp:term":[{"taxonomy":"category","embeddable":true,"href":"https:\/\/zonaroja.com.mx\/index.php?rest_route=%2Fwp%2Fv2%2Fcategories&post=75579"},{"taxonomy":"post_tag","embeddable":true,"href":"https:\/\/zonaroja.com.mx\/index.php?rest_route=%2Fwp%2Fv2%2Ftags&post=75579"}],"curies":[{"name":"wp","href":"https:\/\/api.w.org\/{rel}","templated":true}]}}