{"id":75589,"date":"2024-12-17T09:44:51","date_gmt":"2024-12-17T15:44:51","guid":{"rendered":"https:\/\/zonaroja.com.mx\/?p=75589"},"modified":"2024-12-17T09:44:52","modified_gmt":"2024-12-17T15:44:52","slug":"pretendia-presidenta-del-poder-judicial-dejar-sin-aguinaldo-a-empleados","status":"publish","type":"post","link":"https:\/\/zonaroja.com.mx\/?p=75589","title":{"rendered":"Pretend\u00eda presidenta del Poder Judicial dejar sin aguinaldo a empleados"},"content":{"rendered":"\n<p>Ismael Garc\u00eda M.\/Zona Roja.<\/p>\n\n\n\n<p>Oaxaca de Ju\u00e1rez, Oax., a 17 de diciembre de 2024.- La titular del Poder Judicial de Oaxaca, Berenice Ram\u00edrez Jim\u00e9nez, pretend\u00eda dejar sin aguinaldo y prestaciones decembrinas a empleados de confianza.<\/p>\n\n\n\n<p>Por lo cual, este martes ten\u00edan programado efectuar una serie de protestas, con bloqueos a oficinas y vialidades.<\/p>\n\n\n\n<p>Ante ello, funcionarios del Poder Judicial sostuvieron anoche una mesa de trabajo urgente con los representantes de los trabajadores y se comprometieron a cubrir los pagos a m\u00e1s tardar el 20 de diciembre, fecha en que vence el plazo legal.<\/p>\n\n\n\n<p>No obstante, la irritaci\u00f3n entre los trabajadores sin contrato contin\u00faa pues se quejan de largas jornadas de labores y con bajos sueldos, pese al alto presupuesto con que cuenta tanto el Tribunal Superior de Justicia como el Consejo de la Judicatura.<\/p>\n\n\n\n<p>Lamentaron que, al abandonar pronto el cargo, debido a que concursa por una plaza federal, la magistrada Berenice Ram\u00edrez tenga al Poder Judicial en el abandono.<\/p>\n\n\n\n<p>Asimismo, que no se dote ni de los materiales b\u00e1sicos a los trabajadores para desempe\u00f1ar su labor.<\/p>\n\n\n\n<p>La titular del Poder Judicial ha sido objeto de una serie de reclamos tanto por su trato con el personal como por las decisiones que ha tomado el \u00f3rgano, como es el de la ex presidenta de Asunci\u00f3n Nochixtl\u00e1n, Lizbeth Victoria Huerta, quien abandon\u00f3 la prisi\u00f3n al modificarle la condena.<\/p>\n","protected":false},"excerpt":{"rendered":"<p>Ismael Garc\u00eda M.\/Zona Roja. Oaxaca de Ju\u00e1rez, Oax., a 17 de diciembre de 2024.- La&hellip;<\/p>\n","protected":false},"author":2,"featured_media":75590,"comment_status":"closed","ping_status":"open","sticky":false,"template":"","format":"standard","meta":{"_lmt_disableupdate":"","_lmt_disable":"","_jetpack_memberships_contains_paid_content":false,"footnotes":""},"categories":[109,47],"tags":[3796],"class_list":["post-75589","post","type-post","status-publish","format-standard","has-post-thumbnail","hentry","category-minuto-a-minuto","category-zona-gris","tag-berenice-ramirez-jimenez"],"jetpack_featured_media_url":"https:\/\/zonaroja.com.mx\/wp-content\/uploads\/2024\/12\/Berenice-Ramirez-Jimenez.jpg","jetpack_sharing_enabled":true,"_links":{"self":[{"href":"https:\/\/zonaroja.com.mx\/index.php?rest_route=\/wp\/v2\/posts\/75589","targetHints":{"allow":["GET"]}}],"collection":[{"href":"https:\/\/zonaroja.com.mx\/index.php?rest_route=\/wp\/v2\/posts"}],"about":[{"href":"https:\/\/zonaroja.com.mx\/index.php?rest_route=\/wp\/v2\/types\/post"}],"author":[{"embeddable":true,"href":"https:\/\/zonaroja.com.mx\/index.php?rest_route=\/wp\/v2\/users\/2"}],"replies":[{"embeddable":true,"href":"https:\/\/zonaroja.com.mx\/index.php?rest_route=%2Fwp%2Fv2%2Fcomments&post=75589"}],"version-history":[{"count":1,"href":"https:\/\/zonaroja.com.mx\/index.php?rest_route=\/wp\/v2\/posts\/75589\/revisions"}],"predecessor-version":[{"id":75591,"href":"https:\/\/zonaroja.com.mx\/index.php?rest_route=\/wp\/v2\/posts\/75589\/revisions\/75591"}],"wp:featuredmedia":[{"embeddable":true,"href":"https:\/\/zonaroja.com.mx\/index.php?rest_route=\/wp\/v2\/media\/75590"}],"wp:attachment":[{"href":"https:\/\/zonaroja.com.mx\/index.php?rest_route=%2Fwp%2Fv2%2Fmedia&parent=75589"}],"wp:term":[{"taxonomy":"category","embeddable":true,"href":"https:\/\/zonaroja.com.mx\/index.php?rest_route=%2Fwp%2Fv2%2Fcategories&post=75589"},{"taxonomy":"post_tag","embeddable":true,"href":"https:\/\/zonaroja.com.mx\/index.php?rest_route=%2Fwp%2Fv2%2Ftags&post=75589"}],"curies":[{"name":"wp","href":"https:\/\/api.w.org\/{rel}","templated":true}]}}