{"id":75602,"date":"2024-12-17T21:17:03","date_gmt":"2024-12-18T03:17:03","guid":{"rendered":"https:\/\/zonaroja.com.mx\/?p=75602"},"modified":"2024-12-17T21:17:05","modified_gmt":"2024-12-18T03:17:05","slug":"preven-protestar-de-nuevo-trabajadores-del-poder-judicial-por-falta-de-pagos","status":"publish","type":"post","link":"https:\/\/zonaroja.com.mx\/?p=75602","title":{"rendered":"Prev\u00e9n protestar de nuevo trabajadores del Poder Judicial por falta de pagos"},"content":{"rendered":"\n<p>Ismael Garc\u00eda M.\/Zona Roja.<\/p>\n\n\n\n<p>Oaxaca de Ju\u00e1rez, Oax., a 17 de diciembre de 2024.- Ante el incumplimiento del pago de aguinaldos y dem\u00e1s prestaciones decembrinas, trabajadores de confianza del Poder Judicial de Oaxaca preven protestar de nueva cuenta ma\u00f1ana mi\u00e9rcoles.<\/p>\n\n\n\n<p>Desde ayer comenz\u00f3 a darse a conocer la queja de la negativa de la presidenta del \u00f3rgano, Berenice Ram\u00edrez Jim\u00e9nez, de cubrir dichas prestaciones a unas 500 personas; supuestamente por la noche qued\u00f3 cubierto.<\/p>\n\n\n\n<p>Sin embargo, la ma\u00f1ana de este martes unos 200 empleados sin contrato protestaron en la sede del Consejo de la Judicatura, en la calle Heroico Colegio Militar de la colonia Reforma.<\/p>\n\n\n\n<p>En uno casos, hubo descuento del 40 al 45 por ciento en el monto del aguinaldo, mientras que en otros, no les lleg\u00f3 el pago.<\/p>\n\n\n\n<p>\u201c\u00a1Berenice, ratera, con mi cartera no te metas! \u00a1Berenice, mi aguinaldo no es para tu campa\u00f1a!\u201d, fueron algunos gritos de los empleados de confianza, que recriminaron adem\u00e1s laborar en condiciones precarias, por falta de espacios y material de trabajo, as\u00ed como equipos obsoletos.<\/p>\n\n\n\n<p>De acuerdo con uno de los manifestantes, desde hace varios a\u00f1os laboran en el Poder Judicial, en distintos juzgados, y jam\u00e1s les hab\u00edan recortado o dejado de pagar el aguinaldo, por lo cual reprocharon la medida emitida por la magistrada Berenice Ram\u00edrez Jim\u00e9nez.<\/p>\n\n\n\n<p>Y esta noche los empleados de confianza difundieron a trav\u00e9s de las redes sociales una denuncia en contra del secretario Ejecutivo del Consejo de la Judicatura, Luis Ra\u00fal Hern\u00e1ndez Avenda\u00f1o, quien \u201cha empezado a amedrentar amenazando a los jueces, llam\u00e1ndoles para ordenarles que controlen y calmen al personal de confianza bajo su mando.<\/p>\n\n\n\n<p>\u201cEsto para que dejen o no protesten y manche con esto la imagen de la presidenta Berenice Ram\u00edrez Jim\u00e9nez, y que tomen en cuenta que ya est\u00e1 pr\u00f3xima a aprobarse la reforma judicial y en consecuencia la \u201ct\u00f3mbola\u201d, y que si no quieren ser del primer grupo selecto a cambiarse para el 2025, que m\u00e1s les vale controlar a su personal\u201d.<\/p>\n\n\n\n<p>Por lo que exhortaron a la magistrada presidenta a que cesen los actos de intimidaci\u00f3n y que se les cubran las prestaciones decembrinas, incluido el aguinaldo, de lo contrario este mi\u00e9rcoles continuar\u00e1n sus protestas.<\/p>\n\n\n\n<figure class=\"wp-block-embed is-type-rich is-provider-twitter wp-block-embed-twitter\"><div class=\"wp-block-embed__wrapper\">\n<div class=\"twitter-tweet\"><blockquote class=\"twitter-tweet\" data-lang=\"es\"><p lang=\"es\" dir=\"ltr\"><a href=\"https:\/\/twitter.com\/hashtag\/ENVIVO?src=hash&amp;ref_src=twsrc%5Etfw\">#ENVIVO<\/a><br>Oaxaca, Oax.- Trabajadores de confianza del Poder Judicial protestan en la sede del Consejo de la Judicatura, por la falta de pago de aguinaldo y otras prestaciones. Culpan a <a href=\"https:\/\/twitter.com\/MagistradaBRJ?ref_src=twsrc%5Etfw\">@MagistradaBRJ<\/a> Jim\u00e9nez de quedarse con el dinero. <br>\ud83d\udc47<a href=\"https:\/\/t.co\/gefHmwQWY9\">https:\/\/t.co\/gefHmwQWY9<\/a>?<\/p>&mdash; Zona Roja Oaxaca (@ZonaRoja_Oaxaca) <a href=\"https:\/\/twitter.com\/ZonaRoja_Oaxaca\/status\/1869068106230022278?ref_src=twsrc%5Etfw\">17 de diciembre de 2024<\/a><\/blockquote><\/div>\n<\/div><\/figure>\n","protected":false},"excerpt":{"rendered":"<p>Ismael Garc\u00eda M.\/Zona Roja. Oaxaca de Ju\u00e1rez, Oax., a 17 de diciembre de 2024.- Ante&hellip;<\/p>\n","protected":false},"author":2,"featured_media":75603,"comment_status":"closed","ping_status":"open","sticky":false,"template":"","format":"standard","meta":{"_lmt_disableupdate":"","_lmt_disable":"","_jetpack_memberships_contains_paid_content":false,"footnotes":""},"categories":[109,47],"tags":[3796],"class_list":["post-75602","post","type-post","status-publish","format-standard","has-post-thumbnail","hentry","category-minuto-a-minuto","category-zona-gris","tag-berenice-ramirez-jimenez"],"jetpack_featured_media_url":"https:\/\/zonaroja.com.mx\/wp-content\/uploads\/2024\/12\/Protestas-empleados-confianza-poder-judicial.jpg","jetpack_sharing_enabled":true,"_links":{"self":[{"href":"https:\/\/zonaroja.com.mx\/index.php?rest_route=\/wp\/v2\/posts\/75602","targetHints":{"allow":["GET"]}}],"collection":[{"href":"https:\/\/zonaroja.com.mx\/index.php?rest_route=\/wp\/v2\/posts"}],"about":[{"href":"https:\/\/zonaroja.com.mx\/index.php?rest_route=\/wp\/v2\/types\/post"}],"author":[{"embeddable":true,"href":"https:\/\/zonaroja.com.mx\/index.php?rest_route=\/wp\/v2\/users\/2"}],"replies":[{"embeddable":true,"href":"https:\/\/zonaroja.com.mx\/index.php?rest_route=%2Fwp%2Fv2%2Fcomments&post=75602"}],"version-history":[{"count":1,"href":"https:\/\/zonaroja.com.mx\/index.php?rest_route=\/wp\/v2\/posts\/75602\/revisions"}],"predecessor-version":[{"id":75604,"href":"https:\/\/zonaroja.com.mx\/index.php?rest_route=\/wp\/v2\/posts\/75602\/revisions\/75604"}],"wp:featuredmedia":[{"embeddable":true,"href":"https:\/\/zonaroja.com.mx\/index.php?rest_route=\/wp\/v2\/media\/75603"}],"wp:attachment":[{"href":"https:\/\/zonaroja.com.mx\/index.php?rest_route=%2Fwp%2Fv2%2Fmedia&parent=75602"}],"wp:term":[{"taxonomy":"category","embeddable":true,"href":"https:\/\/zonaroja.com.mx\/index.php?rest_route=%2Fwp%2Fv2%2Fcategories&post=75602"},{"taxonomy":"post_tag","embeddable":true,"href":"https:\/\/zonaroja.com.mx\/index.php?rest_route=%2Fwp%2Fv2%2Ftags&post=75602"}],"curies":[{"name":"wp","href":"https:\/\/api.w.org\/{rel}","templated":true}]}}