{"id":7563,"date":"2020-01-11T16:54:13","date_gmt":"2020-01-11T22:54:13","guid":{"rendered":"http:\/\/www.zonaroja.com.mx\/?p=7563"},"modified":"2020-01-11T16:55:13","modified_gmt":"2020-01-11T22:55:13","slug":"van-cinco-feminicidios-en-los-primeros-10-dias-del-2020-en-oaxaca","status":"publish","type":"post","link":"https:\/\/zonaroja.com.mx\/?p=7563","title":{"rendered":"Van cinco feminicidios en los primeros 10 d\u00edas del 2020 en Oaxaca"},"content":{"rendered":"\n<p>Evlin Arag\u00f3n\/Zona Roja.<\/p>\n\n\n\n<p>Oaxaca de Ju\u00e1rez, Oax., 11\nde enero de 2020.- Anoche, Ana Mar\u00eda P\u00e9rez Reyna, de 87 a\u00f1os de edad, fue\nasesinada a balazos en su domicilio ubicado en el municipio de Salina Cruz,\nperteneciente a la regi\u00f3n del Istmo de Tehuantepec y que forma parte de los 40\nmunicipios con Alerta de Violencia de G\u00e9nero decretada en agosto del 2018 por\nla Secretar\u00eda de Gobernaci\u00f3n.<\/p>\n\n\n\n<p>De acuerdo con los reportes\npoliciacos, la mujer de la tercera edad se encontraba sentada en el exterior de\nsu domicilio &#8211;pr\u00e1ctica muy com\u00fan en la zona debido al clima caluroso&#8211; ubicado\nen la privada Virgilio Uribe de la colonia Guadalupe de Salina Cruz, cuando\nsujetos no identificados dispararon en su contra y se fugaron.<\/p>\n\n\n\n<p>Ana Mar\u00eda, junto con otras\ncuatro mujeres, dan inicio al conteo de feminicidios en la entidad oaxaque\u00f1a en\neste 2020, pese a la constante exigencia de las organizaciones sociales hacia\nlas autoridades de acciones contundentes para erradicar la violencia de g\u00e9nero\ny feminicida.&nbsp;&nbsp; <\/p>\n\n\n\n<p>De acuerdo con datos\nhemerogr\u00e1ficos y en el marco del D\u00eda de Reyes, una mujer no identificada de 30\na\u00f1os de edad aproximadamente, fue asesinada a balazos en la comunidad de\nLagunas perteneciente al municipio de El Barrio La Soledad, colindante con\nMat\u00edas Romero; su cuerpo fue localizado en el paraje \u201cPocholito\u201d, tirado cerca\nde un basurero.<\/p>\n\n\n\n<p>El 3 de enero, Karla G. F.,\nfue asesinada a balazos al interior de su domicilio ubicado en la colonia\nIndustrial en el municipio de Santo Domingo Tehuantepec de nueva en la regi\u00f3n\ndel Istmo. De acuerdo con los reportes, el cuerpo de la mujer presentaba\nimpactos de arma de fuego, lo cual se presume que fueron las causas de su\nmuerte.<\/p>\n\n\n\n<p>Mientras que en la regi\u00f3n de\nla Costa, Eufemia G. H., de unos 32 a\u00f1os de edad, fue asesinada con varios\ndisparos de arma de fuego al interior de su casa en el Barrio Chico del\nmunicipio de Santiago Jamiltepec.<\/p>\n\n\n\n<p>Finalmente, el 1 de enero,\nGabriela Zavaleta Ferm\u00edn, de 30 a\u00f1os de edad, fue asesinada con un disparo de\narma de fuego cerca de la sien al interior de un domicilio ubicado en la calle\nPerif\u00e9rico de la colonia Ju\u00e1rez del municipio de Salina Cruz; las autoridades\nde la Vicefiscal\u00eda Regional del Istmo aseguraron que investigan si se trat\u00f3 de\nun asesinato o resultado de una bala perdida.<\/p>\n\n\n\n<p>A los cinco feminicidios\nanteriores se suman cuatro mujeres heridas de bala en tres eventos violentos\nregistrados en la entidad oaxaque\u00f1a en los primero d\u00edas del este 2020.<\/p>\n\n\n\n<p>Se trata de&nbsp; Reyna R. D., quien result\u00f3 herida en un\nataque armado en el municipio de San Juan Bautista Tuxtepec, en la regi\u00f3n de la\nCuenca.<\/p>\n\n\n\n<p>Rosal\u00eda Ch\u00e1vez, de 82 a\u00f1os\nde edad y su nieta Concepci\u00f3n Calder\u00f3n, de 22 a\u00f1os, quienes fueron heridas\ndurante un enfrentamiento armado ocurrido en Santa Luc\u00eda del Camino, mientras\ncaminaban por la calle; y una mujer m\u00e1s identificada \u00fanicamente como la esposa\nde Marcelo Eusebio, quien muri\u00f3 en un ataque armado tambi\u00e9n en Tuxtepec,\nmientras que la mujer quedo herida.<\/p>\n\n\n\n<p>De acuerdo con el Centro de\nDocumentaci\u00f3n del Grupo de Estudios sobre la Mujer \u201cRosario Castellanos\u201d\n(GesMujer) el 2019 cerr\u00f3 con 382 asesinatos violentos de mujeres, por lo que los\ncinco anteriores cometidos en los primeros 10 d\u00edas del 2020 elevar\u00eda la cifra a\n387 feminicidios en lo que va de la administraci\u00f3n de Alejandro Murat Hinojosa.<\/p>\n","protected":false},"excerpt":{"rendered":"<p>Evlin Arag\u00f3n\/Zona Roja. Oaxaca de Ju\u00e1rez, Oax., 11 de enero de 2020.- Anoche, Ana Mar\u00eda&hellip;<\/p>\n","protected":false},"author":2,"featured_media":7179,"comment_status":"closed","ping_status":"open","sticky":false,"template":"","format":"standard","meta":{"_lmt_disableupdate":"","_lmt_disable":"","_jetpack_memberships_contains_paid_content":false,"footnotes":""},"categories":[109,51],"tags":[610],"class_list":["post-7563","post","type-post","status-publish","format-standard","has-post-thumbnail","hentry","category-minuto-a-minuto","category-zona-roja","tag-feminicidios-oaxaca"],"jetpack_featured_media_url":"https:\/\/zonaroja.com.mx\/wp-content\/uploads\/2020\/01\/Ejecutado-x.jpg","jetpack_sharing_enabled":true,"_links":{"self":[{"href":"https:\/\/zonaroja.com.mx\/index.php?rest_route=\/wp\/v2\/posts\/7563","targetHints":{"allow":["GET"]}}],"collection":[{"href":"https:\/\/zonaroja.com.mx\/index.php?rest_route=\/wp\/v2\/posts"}],"about":[{"href":"https:\/\/zonaroja.com.mx\/index.php?rest_route=\/wp\/v2\/types\/post"}],"author":[{"embeddable":true,"href":"https:\/\/zonaroja.com.mx\/index.php?rest_route=\/wp\/v2\/users\/2"}],"replies":[{"embeddable":true,"href":"https:\/\/zonaroja.com.mx\/index.php?rest_route=%2Fwp%2Fv2%2Fcomments&post=7563"}],"version-history":[{"count":1,"href":"https:\/\/zonaroja.com.mx\/index.php?rest_route=\/wp\/v2\/posts\/7563\/revisions"}],"predecessor-version":[{"id":7564,"href":"https:\/\/zonaroja.com.mx\/index.php?rest_route=\/wp\/v2\/posts\/7563\/revisions\/7564"}],"wp:featuredmedia":[{"embeddable":true,"href":"https:\/\/zonaroja.com.mx\/index.php?rest_route=\/wp\/v2\/media\/7179"}],"wp:attachment":[{"href":"https:\/\/zonaroja.com.mx\/index.php?rest_route=%2Fwp%2Fv2%2Fmedia&parent=7563"}],"wp:term":[{"taxonomy":"category","embeddable":true,"href":"https:\/\/zonaroja.com.mx\/index.php?rest_route=%2Fwp%2Fv2%2Fcategories&post=7563"},{"taxonomy":"post_tag","embeddable":true,"href":"https:\/\/zonaroja.com.mx\/index.php?rest_route=%2Fwp%2Fv2%2Ftags&post=7563"}],"curies":[{"name":"wp","href":"https:\/\/api.w.org\/{rel}","templated":true}]}}