{"id":75631,"date":"2024-12-18T20:40:33","date_gmt":"2024-12-19T02:40:33","guid":{"rendered":"https:\/\/zonaroja.com.mx\/?p=75631"},"modified":"2024-12-18T20:40:35","modified_gmt":"2024-12-19T02:40:35","slug":"denuncian-corrupcion-y-acoso-de-funcionaria-del-imss-oaxaca","status":"publish","type":"post","link":"https:\/\/zonaroja.com.mx\/?p=75631","title":{"rendered":"Denuncian corrupci\u00f3n y acoso de funcionaria del IMSS Oaxaca"},"content":{"rendered":"\n<p>Raymundo Morales\/Zona Roja.<\/p>\n\n\n\n<p>Oaxaca de Ju\u00e1rez, Oax., a 18 de diciembre de 2024.- Trabajadores de base del Instituto Mexicano del Seguro Social, adscritos al Hospital General de Zona n\u00famero 1, exigieron la renuncia de Martha Escobar V\u00e1squez, titular de la Jefatura de Prestaciones M\u00e9dicas.<\/p>\n\n\n\n<p>Lo anterior por presuntos actos de corrupci\u00f3n y de acoso laboral, que han sido se\u00f1alados desde hace al menos dos a\u00f1os.<\/p>\n\n\n\n<p>En un documento dirigido a las autoridades de ese organismo federal, acusan adem\u00e1s que la funcionaria afirma ser m\u00e9dico intensivista desde el a\u00f1o 2007, sin embargo, no cuenta con la c\u00e9dula profesional.<\/p>\n\n\n\n<p>Igualmente, la denuncian por maltrato, humillaciones, imposici\u00f3n de decisiones arbitrarias y amenazas hacia el personal; \u201cimplementaci\u00f3n de un entorno laboral hostil que ha provocado la renuncia de personal clave y una disminuci\u00f3n en la calidad del servicio m\u00e9dico\u201d.<\/p>\n\n\n\n<p>Adem\u00e1s, Martha Escobar hizo uso de posible influencia, como la intervenci\u00f3n de su ya fallecido suegro para lograr si nombramiento; la se\u00f1alan tambi\u00e9n de despidos y procesos laborales mal manejados, lo que ha resultado en demandas externas ganadas por los afectados, con el consecuente da\u00f1o al erario.<\/p>\n\n\n\n<p>Por ello, solicitan el cese inmediato del acoso laboral irrestricto a los derechos laborales de los trabajadores.<\/p>\n\n\n\n<p>El documento de los sindicalizados fue dirigido a Luis Enrique Cabrera Ram\u00edrez, secretario General de la Secci\u00f3n XXVIII del Sindicato Nacional de Trabajadores del Seguro Social.<\/p>\n\n\n\n<p>Esta ma\u00f1ana de mi\u00e9rcoles ten\u00edan prevista una protesta en la fuente de las Ocho Regiones de la capital; sin embargo, fue cancelada de \u00faltima hora.<\/p>\n","protected":false},"excerpt":{"rendered":"<p>Raymundo Morales\/Zona Roja. Oaxaca de Ju\u00e1rez, Oax., a 18 de diciembre de 2024.- Trabajadores de&hellip;<\/p>\n","protected":false},"author":2,"featured_media":75632,"comment_status":"closed","ping_status":"open","sticky":false,"template":"","format":"standard","meta":{"_lmt_disableupdate":"","_lmt_disable":"","_jetpack_memberships_contains_paid_content":false,"footnotes":""},"categories":[109,47],"tags":[870,4136],"class_list":["post-75631","post","type-post","status-publish","format-standard","has-post-thumbnail","hentry","category-minuto-a-minuto","category-zona-gris","tag-imss-oaxaca","tag-martha-escobar-vasquez"],"jetpack_featured_media_url":"https:\/\/zonaroja.com.mx\/wp-content\/uploads\/2024\/12\/Denuncia-Martha-Escobar-IMSS-Oaxaca.jpg","jetpack_sharing_enabled":true,"_links":{"self":[{"href":"https:\/\/zonaroja.com.mx\/index.php?rest_route=\/wp\/v2\/posts\/75631","targetHints":{"allow":["GET"]}}],"collection":[{"href":"https:\/\/zonaroja.com.mx\/index.php?rest_route=\/wp\/v2\/posts"}],"about":[{"href":"https:\/\/zonaroja.com.mx\/index.php?rest_route=\/wp\/v2\/types\/post"}],"author":[{"embeddable":true,"href":"https:\/\/zonaroja.com.mx\/index.php?rest_route=\/wp\/v2\/users\/2"}],"replies":[{"embeddable":true,"href":"https:\/\/zonaroja.com.mx\/index.php?rest_route=%2Fwp%2Fv2%2Fcomments&post=75631"}],"version-history":[{"count":1,"href":"https:\/\/zonaroja.com.mx\/index.php?rest_route=\/wp\/v2\/posts\/75631\/revisions"}],"predecessor-version":[{"id":75633,"href":"https:\/\/zonaroja.com.mx\/index.php?rest_route=\/wp\/v2\/posts\/75631\/revisions\/75633"}],"wp:featuredmedia":[{"embeddable":true,"href":"https:\/\/zonaroja.com.mx\/index.php?rest_route=\/wp\/v2\/media\/75632"}],"wp:attachment":[{"href":"https:\/\/zonaroja.com.mx\/index.php?rest_route=%2Fwp%2Fv2%2Fmedia&parent=75631"}],"wp:term":[{"taxonomy":"category","embeddable":true,"href":"https:\/\/zonaroja.com.mx\/index.php?rest_route=%2Fwp%2Fv2%2Fcategories&post=75631"},{"taxonomy":"post_tag","embeddable":true,"href":"https:\/\/zonaroja.com.mx\/index.php?rest_route=%2Fwp%2Fv2%2Ftags&post=75631"}],"curies":[{"name":"wp","href":"https:\/\/api.w.org\/{rel}","templated":true}]}}