{"id":75634,"date":"2024-12-18T22:04:52","date_gmt":"2024-12-19T04:04:52","guid":{"rendered":"https:\/\/zonaroja.com.mx\/?p=75634"},"modified":"2024-12-18T22:04:56","modified_gmt":"2024-12-19T04:04:56","slug":"mientras-harfuch-visita-sinaloa-ejecutan-a-uno-de-sus-policias-investigadores","status":"publish","type":"post","link":"https:\/\/zonaroja.com.mx\/?p=75634","title":{"rendered":"Mientras Harfuch visita Sinaloa, ejecutan a uno de sus polic\u00edas investigadores\u00a0"},"content":{"rendered":"\n<p>Redacci\u00f3n\/Zona Roja Cdmx.<\/p>\n\n\n\n<p>Ciudad de M\u00e9xico, a 18 de diciembre de 2024.- La Secretar\u00eda de Seguridad y Protecci\u00f3n Ciudadana (SSPC) inform\u00f3 que un agente de investigaci\u00f3n que realizaba su trabajo en Sinaloa, fue asesinado en la ciudad de Culiac\u00e1n.<\/p>\n\n\n\n<p>El anuncio fue realizado por el titular de la SSPC, Omar Garc\u00eda Harfuch a trav\u00e9s de su cuenta de \u00abX\u00bb (antes Twitter).<\/p>\n\n\n\n<p>El funcionario escribi\u00f3: \u00abHace unos momentos aqu\u00ed en Culiac\u00e1n lamentablemente perdi\u00f3 la vida un compa\u00f1ero de investigaci\u00f3n de la Secretar\u00eda de Seguridad.<\/p>\n\n\n\n<p>\u201cNuestro m\u00e1s sentido p\u00e9same a la familia de nuestro compa\u00f1ero y todo nuestro reconocimiento a la labor que realizan diario mujeres y hombres del Gabinete de Seguridad para recuperar la paz en Culiac\u00e1n. Este hecho no quedar\u00e1 impune y los responsables ser\u00e1n detenidos\u201d.<\/p>\n\n\n\n<p>(Informaci\u00f3n de \u201cLa Jornada\u201d)<\/p>\n","protected":false},"excerpt":{"rendered":"<p>Redacci\u00f3n\/Zona Roja Cdmx. Ciudad de M\u00e9xico, a 18 de diciembre de 2024.- La Secretar\u00eda de&hellip;<\/p>\n","protected":false},"author":2,"featured_media":75635,"comment_status":"closed","ping_status":"open","sticky":false,"template":"","format":"standard","meta":{"_lmt_disableupdate":"","_lmt_disable":"","_jetpack_memberships_contains_paid_content":false,"footnotes":""},"categories":[109,51],"tags":[1335],"class_list":["post-75634","post","type-post","status-publish","format-standard","has-post-thumbnail","hentry","category-minuto-a-minuto","category-zona-roja","tag-culiacan-sinaloa"],"jetpack_featured_media_url":"https:\/\/zonaroja.com.mx\/wp-content\/uploads\/2024\/12\/Ejecutan-a-policia-federal-en-Sinaloa.jpg","jetpack_sharing_enabled":true,"_links":{"self":[{"href":"https:\/\/zonaroja.com.mx\/index.php?rest_route=\/wp\/v2\/posts\/75634","targetHints":{"allow":["GET"]}}],"collection":[{"href":"https:\/\/zonaroja.com.mx\/index.php?rest_route=\/wp\/v2\/posts"}],"about":[{"href":"https:\/\/zonaroja.com.mx\/index.php?rest_route=\/wp\/v2\/types\/post"}],"author":[{"embeddable":true,"href":"https:\/\/zonaroja.com.mx\/index.php?rest_route=\/wp\/v2\/users\/2"}],"replies":[{"embeddable":true,"href":"https:\/\/zonaroja.com.mx\/index.php?rest_route=%2Fwp%2Fv2%2Fcomments&post=75634"}],"version-history":[{"count":1,"href":"https:\/\/zonaroja.com.mx\/index.php?rest_route=\/wp\/v2\/posts\/75634\/revisions"}],"predecessor-version":[{"id":75636,"href":"https:\/\/zonaroja.com.mx\/index.php?rest_route=\/wp\/v2\/posts\/75634\/revisions\/75636"}],"wp:featuredmedia":[{"embeddable":true,"href":"https:\/\/zonaroja.com.mx\/index.php?rest_route=\/wp\/v2\/media\/75635"}],"wp:attachment":[{"href":"https:\/\/zonaroja.com.mx\/index.php?rest_route=%2Fwp%2Fv2%2Fmedia&parent=75634"}],"wp:term":[{"taxonomy":"category","embeddable":true,"href":"https:\/\/zonaroja.com.mx\/index.php?rest_route=%2Fwp%2Fv2%2Fcategories&post=75634"},{"taxonomy":"post_tag","embeddable":true,"href":"https:\/\/zonaroja.com.mx\/index.php?rest_route=%2Fwp%2Fv2%2Ftags&post=75634"}],"curies":[{"name":"wp","href":"https:\/\/api.w.org\/{rel}","templated":true}]}}