{"id":75637,"date":"2024-12-19T07:20:00","date_gmt":"2024-12-19T13:20:00","guid":{"rendered":"https:\/\/zonaroja.com.mx\/?p=75637"},"modified":"2024-12-19T06:41:53","modified_gmt":"2024-12-19T12:41:53","slug":"presidente-de-la-jucopo-reitera-compromiso-con-la-libertad-de-expresion","status":"publish","type":"post","link":"https:\/\/zonaroja.com.mx\/?p=75637","title":{"rendered":"Presidente de la Jucopo reitera compromiso con la libertad de expresi\u00f3n\u00a0"},"content":{"rendered":"\n<p>Redacci\u00f3n\/Zona Roja.<\/p>\n\n\n\n<p>Oaxaca de Ju\u00e1rez, Oax., a 19 de diciembre de 2024.- Con motivo de las fiestas decembrinas, las diputadas y diputados del Congreso de Oaxaca sostuvieron un encuentro fraterno con representantes de los medios de comunicaci\u00f3n, en donde refrendaron su respeto con la libertad de expresi\u00f3n y trabajar de la mano para fortalecer el ejercicio period\u00edstico.<\/p>\n\n\n\n<p>Al dar el mensaje de bienvenida, el presidente de la Junta de Coordinaci\u00f3n Pol\u00edtica (Jucopo), Benjam\u00edn Viveros Montalvo, resalt\u00f3 la importancia de los medios de comunicaci\u00f3n tradicionales, as\u00ed como de las nuevas tecnolog\u00edas de la informaci\u00f3n porque fortalecen la democracia al fomentar el di\u00e1logo y debate.<\/p>\n\n\n\n<p>Dijo que esta \u00e9poca propicia a agradecer, compartir y celebrar con la familia y amistades, tambi\u00e9n representa un tiempo de unidad y de establecer prop\u00f3sitos comunes para que Oaxaca y el pa\u00eds contin\u00faen por la ruta de la eficacia, el bienestar y la transformaci\u00f3n.<\/p>\n\n\n\n<p>\u201cQue la celebraci\u00f3n de la Noche Buena, la Navidad y la llegada del A\u00f1o Nuevo 2025 est\u00e9n marcadas en cada uno de ustedes por el amor y el respeto; valores fundamentales en nuestra sociedad. Asimismo, deseo armon\u00eda y paz en sus hogares\u201d, expres\u00f3.<\/p>\n\n\n\n<p>En este sentido avizor\u00f3 que el pr\u00f3ximo a\u00f1o sea de prosperidad y desarrollo para todas las oaxaque\u00f1as y oaxaque\u00f1os; que estas fiestas permitan renovar el compromiso con la paz, la justicia, la prosperidad, el respeto y orgullo por la causa en com\u00fan, que es Oaxaca.<\/p>\n\n\n\n<p>\u201cHagamos de esta temporada un s\u00edmbolo de uni\u00f3n y alegr\u00eda. Que el 2025 venga lleno de prosperidad y bienestar para todas y todos\u201d, puntualiz\u00f3.<\/p>\n\n\n\n<p>Asistieron a este encuentro algunas legisladoras y legisladores de los Grupos Parlamentarios de Fuerza por Oaxaca, Partido Revolucionario Institucional (PRI), Partido del Trabajo (PT), Movimiento Ciudadano y de Morena.<\/p>\n\n\n\n<figure class=\"wp-block-embed is-type-rich is-provider-twitter wp-block-embed-twitter\"><div class=\"wp-block-embed__wrapper\">\n<div class=\"twitter-tweet\"><blockquote class=\"twitter-tweet\" data-lang=\"es\"><p lang=\"es\" dir=\"ltr\">El presidente de la Junta de Coordinaci\u00f3n Pol\u00edtica del <a href=\"https:\/\/twitter.com\/CongresoOaxaca_?ref_src=twsrc%5Etfw\">@CongresoOaxaca_<\/a>, <a href=\"https:\/\/twitter.com\/BenjaViverosOax?ref_src=twsrc%5Etfw\">@BenjaViverosOax<\/a>, presidi\u00f3 este d\u00eda una convivencia con trabajadores de los medios de comunicaci\u00f3n, ante quienes refrend\u00f3 su respeto a la libertad de expresi\u00f3n. <a href=\"https:\/\/t.co\/O6cLduJXLp\">pic.twitter.com\/O6cLduJXLp<\/a><\/p>&mdash; Zona Roja Oaxaca (@ZonaRoja_Oaxaca) <a href=\"https:\/\/twitter.com\/ZonaRoja_Oaxaca\/status\/1869530341981262205?ref_src=twsrc%5Etfw\">18 de diciembre de 2024<\/a><\/blockquote><\/div>\n<\/div><\/figure>\n","protected":false},"excerpt":{"rendered":"<p>Redacci\u00f3n\/Zona Roja. Oaxaca de Ju\u00e1rez, Oax., a 19 de diciembre de 2024.- Con motivo de&hellip;<\/p>\n","protected":false},"author":2,"featured_media":75640,"comment_status":"closed","ping_status":"open","sticky":false,"template":"","format":"standard","meta":{"_lmt_disableupdate":"","_lmt_disable":"","_jetpack_memberships_contains_paid_content":false,"footnotes":""},"categories":[109,46],"tags":[303],"class_list":["post-75637","post","type-post","status-publish","format-standard","has-post-thumbnail","hentry","category-minuto-a-minuto","category-zona-blanca","tag-congreso-del-estado-de-oaxaca"],"jetpack_featured_media_url":"https:\/\/zonaroja.com.mx\/wp-content\/uploads\/2024\/12\/Encuentro-fraterno-con-medios_18-Dic-2024-3.jpeg","jetpack_sharing_enabled":true,"_links":{"self":[{"href":"https:\/\/zonaroja.com.mx\/index.php?rest_route=\/wp\/v2\/posts\/75637","targetHints":{"allow":["GET"]}}],"collection":[{"href":"https:\/\/zonaroja.com.mx\/index.php?rest_route=\/wp\/v2\/posts"}],"about":[{"href":"https:\/\/zonaroja.com.mx\/index.php?rest_route=\/wp\/v2\/types\/post"}],"author":[{"embeddable":true,"href":"https:\/\/zonaroja.com.mx\/index.php?rest_route=\/wp\/v2\/users\/2"}],"replies":[{"embeddable":true,"href":"https:\/\/zonaroja.com.mx\/index.php?rest_route=%2Fwp%2Fv2%2Fcomments&post=75637"}],"version-history":[{"count":1,"href":"https:\/\/zonaroja.com.mx\/index.php?rest_route=\/wp\/v2\/posts\/75637\/revisions"}],"predecessor-version":[{"id":75641,"href":"https:\/\/zonaroja.com.mx\/index.php?rest_route=\/wp\/v2\/posts\/75637\/revisions\/75641"}],"wp:featuredmedia":[{"embeddable":true,"href":"https:\/\/zonaroja.com.mx\/index.php?rest_route=\/wp\/v2\/media\/75640"}],"wp:attachment":[{"href":"https:\/\/zonaroja.com.mx\/index.php?rest_route=%2Fwp%2Fv2%2Fmedia&parent=75637"}],"wp:term":[{"taxonomy":"category","embeddable":true,"href":"https:\/\/zonaroja.com.mx\/index.php?rest_route=%2Fwp%2Fv2%2Fcategories&post=75637"},{"taxonomy":"post_tag","embeddable":true,"href":"https:\/\/zonaroja.com.mx\/index.php?rest_route=%2Fwp%2Fv2%2Ftags&post=75637"}],"curies":[{"name":"wp","href":"https:\/\/api.w.org\/{rel}","templated":true}]}}