{"id":75647,"date":"2024-12-20T07:11:00","date_gmt":"2024-12-20T13:11:00","guid":{"rendered":"https:\/\/zonaroja.com.mx\/?p=75647"},"modified":"2024-12-20T06:45:57","modified_gmt":"2024-12-20T12:45:57","slug":"detiene-fiscalia-a-dos-presuntos-homicidas-de-zaachila","status":"publish","type":"post","link":"https:\/\/zonaroja.com.mx\/?p=75647","title":{"rendered":"Detiene Fiscal\u00eda a dos presuntos homicidas de Zaachila"},"content":{"rendered":"\n<p>Redaci\u00f3n\/Zona Roja.<\/p>\n\n\n\n<p>Oaxaca de Ju\u00e1rez, Oax., a 20 de diciembre de 2024.- La Fiscal\u00eda General del Estado de Oaxaca ejecut\u00f3 \u00f3rdenes de aprehensi\u00f3n en contra de dos personas, una mujer identificada como F.L.C., y un hombre identificado como L.C.A., por el delito de Homicidio Calificado, cometido en agravio de G.R.C., en la regi\u00f3n de los Valles Centrales.<\/p>\n\n\n\n<p>La detenci\u00f3n se efectu\u00f3 este 17 de diciembre de 2024, por elementos de la Agencia Estatal de Investigaciones (AEI), en inmediaciones del N\u00facleo Rural de La Guadalupe, perteneciente al municipio de la Villa de Zaachila, siendo puesto ante la autoridad ministerial correspondiente para resolver su situaci\u00f3n jur\u00eddica.<\/p>\n\n\n\n<p>De acuerdo con el expediente penal, los hechos ocurrieron el 14 de noviembre de 2022, cuando la v\u00edctima se encontraba en el paraje conocido como \u00abEl Mogote o el Mirador\u00bb, perteneciente al N\u00facleo Rural de La Guadalupe, cuando fue interceptado por personas que atacaron a la v\u00edctima con un arma corto-contundente (machete), caus\u00e1ndole lesiones en diversas partes del cuerpo, a consecuencia de las cuales perdi\u00f3 la vida.<\/p>\n\n\n\n<p>Derivado de la denuncia penal, la Fiscal\u00eda de Oaxaca tom\u00f3 conocimiento del caso e inici\u00f3 las investigaciones a trav\u00e9s de la Comandancia de la Unidad de Alto Impacto de la Vicefiscal\u00eda Regional de Valles Centrales, logrando obtener las \u00f3rdenes de aprehensi\u00f3n correspondientes.<\/p>\n\n\n\n<p>OTRO EN LA CUENCA<\/p>\n\n\n\n<p>En tanto, la investigaci\u00f3n ministerial especializada que realiza la Fiscal\u00eda General del Estado de Oaxaca (FGEO) permiti\u00f3 ejecutar una orden de aprehensi\u00f3n en contra de una persona del sexo masculino identificada como L.O.A., por el delito de homicidio calificado, cometido en agravio de dos personas, en hechos ocurridos en la regi\u00f3n de la Cuenca del Papaloapan.<\/p>\n\n\n\n<p>De acuerdo con el expediente penal del caso, los hechos sucedieron el 21 de enero de 2012, cuando las v\u00edctimas se encontraban en la orilla de un afluente en jurisdicci\u00f3n de la comunidad de Montenegro, del municipio de Santiago Jocotepec perteneciente al distrito de Santiago Cho\u00e1pam, lugar donde fueron agredidos con una arma corto-contundente (machete) y disparos de arma de fuego, infligiendo lesiones que les ocasionaron la muerte.<\/p>\n\n\n\n<p>Una vez que la FGEO tom\u00f3 conocimiento del caso -a trav\u00e9s de la Vicefiscal\u00eda Regional de la Cuenca- despleg\u00f3 un equipo multidisciplinario en el lugar de los hechos para realizar las pesquisas.<\/p>\n\n\n\n<p>Derivado de las investigaciones, la FGEO obtuvo una orden de aprehensi\u00f3n contra L.O.A., la cual fue ejecutada por elementos de la Agencia Estatal de Investigaciones (AEI); una vez detenido L.O.A. fue puesto a disposici\u00f3n de la autoridad correspondiente para determinar su situaci\u00f3n jur\u00eddica.<\/p>\n\n\n\n<p>Con la captura de L.O.A, suman dos personas detenidas y procesadas por estos hechos, ambos son investigados por v\u00ednculos con una banda delictiva identificada como \u00abLos Halcones Negros\u00bb o \u00abLos Grifos\u00bb generadores de violencia en esa demarcaci\u00f3n.<\/p>\n","protected":false},"excerpt":{"rendered":"<p>Redaci\u00f3n\/Zona Roja. Oaxaca de Ju\u00e1rez, Oax., a 20 de diciembre de 2024.- La Fiscal\u00eda General&hellip;<\/p>\n","protected":false},"author":2,"featured_media":75648,"comment_status":"closed","ping_status":"open","sticky":false,"template":"","format":"standard","meta":{"_lmt_disableupdate":"","_lmt_disable":"","_jetpack_memberships_contains_paid_content":false,"footnotes":""},"categories":[109,46],"tags":[494],"class_list":["post-75647","post","type-post","status-publish","format-standard","has-post-thumbnail","hentry","category-minuto-a-minuto","category-zona-blanca","tag-fiscalia-general-del-estado-de-oaxaca"],"jetpack_featured_media_url":"https:\/\/zonaroja.com.mx\/wp-content\/uploads\/2024\/12\/Detenidos-Fiscalia-caso-Zaachila.jpg","jetpack_sharing_enabled":true,"_links":{"self":[{"href":"https:\/\/zonaroja.com.mx\/index.php?rest_route=\/wp\/v2\/posts\/75647","targetHints":{"allow":["GET"]}}],"collection":[{"href":"https:\/\/zonaroja.com.mx\/index.php?rest_route=\/wp\/v2\/posts"}],"about":[{"href":"https:\/\/zonaroja.com.mx\/index.php?rest_route=\/wp\/v2\/types\/post"}],"author":[{"embeddable":true,"href":"https:\/\/zonaroja.com.mx\/index.php?rest_route=\/wp\/v2\/users\/2"}],"replies":[{"embeddable":true,"href":"https:\/\/zonaroja.com.mx\/index.php?rest_route=%2Fwp%2Fv2%2Fcomments&post=75647"}],"version-history":[{"count":2,"href":"https:\/\/zonaroja.com.mx\/index.php?rest_route=\/wp\/v2\/posts\/75647\/revisions"}],"predecessor-version":[{"id":75675,"href":"https:\/\/zonaroja.com.mx\/index.php?rest_route=\/wp\/v2\/posts\/75647\/revisions\/75675"}],"wp:featuredmedia":[{"embeddable":true,"href":"https:\/\/zonaroja.com.mx\/index.php?rest_route=\/wp\/v2\/media\/75648"}],"wp:attachment":[{"href":"https:\/\/zonaroja.com.mx\/index.php?rest_route=%2Fwp%2Fv2%2Fmedia&parent=75647"}],"wp:term":[{"taxonomy":"category","embeddable":true,"href":"https:\/\/zonaroja.com.mx\/index.php?rest_route=%2Fwp%2Fv2%2Fcategories&post=75647"},{"taxonomy":"post_tag","embeddable":true,"href":"https:\/\/zonaroja.com.mx\/index.php?rest_route=%2Fwp%2Fv2%2Ftags&post=75647"}],"curies":[{"name":"wp","href":"https:\/\/api.w.org\/{rel}","templated":true}]}}