{"id":75659,"date":"2024-12-19T11:22:00","date_gmt":"2024-12-19T17:22:00","guid":{"rendered":"https:\/\/zonaroja.com.mx\/?p=75659"},"modified":"2024-12-19T08:28:24","modified_gmt":"2024-12-19T14:28:24","slug":"anuncian-construccion-de-subestacion-electrica-de-la-cfe-en-juquila","status":"publish","type":"post","link":"https:\/\/zonaroja.com.mx\/?p=75659","title":{"rendered":"Anuncian construcci\u00f3n de subestaci\u00f3n el\u00e9ctrica de la CFE en Juquila"},"content":{"rendered":"\n<p>Redacci\u00f3n\/Zona Roja.<\/p>\n\n\n\n<p>Oaxaca de Ju\u00e1rez, Oax., a 19 de diciembre de 2024.- Con el acompa\u00f1amiento de la secretaria de Turismo de Oaxaca, Saymi Pineda Velasco, autoridades y pobladores de Santa Catarina Juquila consolidaron la autorizaci\u00f3n de una Subestaci\u00f3n El\u00e9ctrica en este municipio, que beneficiar\u00e1 a miles de familias de la regi\u00f3n de la Costa.&nbsp;<\/p>\n\n\n\n<p>El presidente municipal, Felipe Ju\u00e1rez Guzm\u00e1n y &nbsp;el coordinador de Planeaci\u00f3n, Proyectos y Construcci\u00f3n de la Comisi\u00f3n Federal de Electricidad (CFE), Fernando Marcos Gonz\u00e1lez D\u00edaz, firmaron el convenio que formaliza el proyecto de infraestructura denominado \u00abSubestaci\u00f3n Electrica Juquila\u00bb despu\u00e9s de cumplir con el requisito del predio solicitado a esta autoridad para su construcci\u00f3n.<\/p>\n\n\n\n<p>Se trata de una magna obra que traer\u00e1 beneficios a las familias de Santa Catarina Juquila, la regi\u00f3n chatina y tambi\u00e9n a la regi\u00f3n de la costa, garantizando a toda la poblaci\u00f3n un mejor servicio de energ\u00eda el\u00e9ctrica.<\/p>\n\n\n\n<p>En este marco, el edil juquile\u00f1o agradeci\u00f3 el respaldo de la Secretar\u00eda de Turismo, Saymi Pineda Velasco, quien acompa\u00f1\u00f3 el proceso de solicitud y aprobaci\u00f3n para volver una realidad la construcci\u00f3n de esta obra que garantiza el derecho de los pueblos a contar con servicios de calidad y consolidar la justicia social.<\/p>\n","protected":false},"excerpt":{"rendered":"<p>Redacci\u00f3n\/Zona Roja. Oaxaca de Ju\u00e1rez, Oax., a 19 de diciembre de 2024.- Con el acompa\u00f1amiento&hellip;<\/p>\n","protected":false},"author":2,"featured_media":75660,"comment_status":"closed","ping_status":"open","sticky":false,"template":"","format":"standard","meta":{"_lmt_disableupdate":"","_lmt_disable":"","_jetpack_memberships_contains_paid_content":false,"footnotes":""},"categories":[109,46],"tags":[1031],"class_list":["post-75659","post","type-post","status-publish","format-standard","has-post-thumbnail","hentry","category-minuto-a-minuto","category-zona-blanca","tag-secretaria-de-turismo-oaxaca"],"jetpack_featured_media_url":"https:\/\/zonaroja.com.mx\/wp-content\/uploads\/2024\/12\/Convenio-CFE-Juquila.jpg","jetpack_sharing_enabled":true,"_links":{"self":[{"href":"https:\/\/zonaroja.com.mx\/index.php?rest_route=\/wp\/v2\/posts\/75659","targetHints":{"allow":["GET"]}}],"collection":[{"href":"https:\/\/zonaroja.com.mx\/index.php?rest_route=\/wp\/v2\/posts"}],"about":[{"href":"https:\/\/zonaroja.com.mx\/index.php?rest_route=\/wp\/v2\/types\/post"}],"author":[{"embeddable":true,"href":"https:\/\/zonaroja.com.mx\/index.php?rest_route=\/wp\/v2\/users\/2"}],"replies":[{"embeddable":true,"href":"https:\/\/zonaroja.com.mx\/index.php?rest_route=%2Fwp%2Fv2%2Fcomments&post=75659"}],"version-history":[{"count":1,"href":"https:\/\/zonaroja.com.mx\/index.php?rest_route=\/wp\/v2\/posts\/75659\/revisions"}],"predecessor-version":[{"id":75661,"href":"https:\/\/zonaroja.com.mx\/index.php?rest_route=\/wp\/v2\/posts\/75659\/revisions\/75661"}],"wp:featuredmedia":[{"embeddable":true,"href":"https:\/\/zonaroja.com.mx\/index.php?rest_route=\/wp\/v2\/media\/75660"}],"wp:attachment":[{"href":"https:\/\/zonaroja.com.mx\/index.php?rest_route=%2Fwp%2Fv2%2Fmedia&parent=75659"}],"wp:term":[{"taxonomy":"category","embeddable":true,"href":"https:\/\/zonaroja.com.mx\/index.php?rest_route=%2Fwp%2Fv2%2Fcategories&post=75659"},{"taxonomy":"post_tag","embeddable":true,"href":"https:\/\/zonaroja.com.mx\/index.php?rest_route=%2Fwp%2Fv2%2Ftags&post=75659"}],"curies":[{"name":"wp","href":"https:\/\/api.w.org\/{rel}","templated":true}]}}