{"id":75662,"date":"2024-12-19T12:29:00","date_gmt":"2024-12-19T18:29:00","guid":{"rendered":"https:\/\/zonaroja.com.mx\/?p=75662"},"modified":"2024-12-19T08:29:54","modified_gmt":"2024-12-19T14:29:54","slug":"corrupcion-en-el-infonavit-que-fraudes-hubo-en-los-tiempos-de-alejandro-murat","status":"publish","type":"post","link":"https:\/\/zonaroja.com.mx\/?p=75662","title":{"rendered":"Corrupci\u00f3n en el Infonavit: \u00bfQu\u00e9 fraudes hubo en los tiempos de Alejandro Murat?"},"content":{"rendered":"\n<p>Redacci\u00f3n\/Zona Roja Cdmx.<\/p>\n\n\n\n<p>Ciudad de M\u00e9xico, a 19 de diciembre de 2024.- La presidenta de M\u00e9xico, Claudia Sheinbaum, defendi\u00f3 este mi\u00e9rcoles la reforma a la Ley del Infonavit, que fue aprobada en el Congreso y que busca terminar con la corrupci\u00f3n dentro del instituto, por lo que present\u00f3 varios de casos detectados desde 2013.<\/p>\n\n\n\n<p>En su conferencia de prensa, el director del Instituto del Fondo Nacional de la Vivienda para los Trabajadores (Infonavit), Octavio Romero Oropeza, present\u00f3 al menos tres casos en los que se detectaron irregularidades y en los que estuvo al frente del instituto Alejandro Murat.<\/p>\n\n\n\n<p>Alejandro Murat perteneci\u00f3 al PRI de 1993 a 2023; actualmente es senador por Morena.<\/p>\n\n\n\n<p>El exgobernador de Oaxaca, Alejandro Murat, tom\u00f3 protesta como director del Infonavit en 2012 y renunci\u00f3 al cargo en 2015, cuando Enrique Pe\u00f1a Nieto era presidente de la Rep\u00fablica.<\/p>\n\n\n\n<p>Durante ese periodo, Romero Oropeza expuso presuntos casos de corrupci\u00f3n al interior del instituto de la vivienda, uno de ellos, con la empresa Telra Realty, que data de 2014.<\/p>\n\n\n\n<p>\u201cSe contrat\u00f3 a esta empresa para dise\u00f1ar y operar una plataforma para administrar soluciones de vivienda de acreditados que cambian de lugar en donde resid\u00edan\u201d, explic\u00f3 el director del Infonavit.<\/p>\n\n\n\n<p>Agreg\u00f3 que el monto del contrato era de 100 millones de pesos y esta empresa ten\u00eda dos a\u00f1os para establecer la plataforma.<\/p>\n\n\n\n<p>Sin embargo, cuando se venci\u00f3 el plazo de dos a\u00f1os, la empresa Telra no entreg\u00f3 el servicio contratado. \u201cDebi\u00f3 haber sido penalizada en ese momento, porque no cumpli\u00f3, pero contrario a ello, no solo no se le penaliz\u00f3, sino que el Consejo de Administraci\u00f3n autoriz\u00f3 el pago de una indemnizaci\u00f3n por un monto de 5 mil millones de pesos\u201d.<\/p>\n\n\n\n<p>Romero Oropeza indic\u00f3 que incluso dos de los cinco socios devolvieron dos mil millones de pesos que fueron entregados al Infonavit, los otros tres socios se han negado a devolver los 3 mil millones de pesos restantes.<\/p>\n\n\n\n<p>\u201c\u00bfC\u00f3mo a partir de un contrato de 100 millones, c\u00f3mo a partir de un incumplimiento que debi\u00f3 haber sido una penalizaci\u00f3n, en lugar de penalizar pagas, pero pagas 5 mil millones como indemnizaci\u00f3n?\u201d, cuestion\u00f3 el funcionario.<\/p>\n\n\n\n<p>A\u00f1adi\u00f3 que la Auditor\u00eda Superior de la Federaci\u00f3n descubri\u00f3, a trav\u00e9s de la informaci\u00f3n presentada por la Comisi\u00f3n Nacional Bancaria y de Valores, que en el caso de Telra existi\u00f3 triangulaci\u00f3n de recursos, entre las empresas contratadas directamente por el Infonavit, y la cuenta bancaria de un funcionario del Infonavit que fungi\u00f3 como asesor del director general en 2018.<\/p>\n\n\n\n<p>(Informaci\u00f3n de \u201cEl Financiero\u201d)<\/p>\n","protected":false},"excerpt":{"rendered":"<p>Redacci\u00f3n\/Zona Roja Cdmx. Ciudad de M\u00e9xico, a 19 de diciembre de 2024.- La presidenta de&hellip;<\/p>\n","protected":false},"author":2,"featured_media":75639,"comment_status":"closed","ping_status":"open","sticky":false,"template":"","format":"standard","meta":{"_lmt_disableupdate":"","_lmt_disable":"","_jetpack_memberships_contains_paid_content":false,"footnotes":""},"categories":[109,47],"tags":[102],"class_list":["post-75662","post","type-post","status-publish","format-standard","has-post-thumbnail","hentry","category-minuto-a-minuto","category-zona-gris","tag-alejandro-murat"],"jetpack_featured_media_url":"https:\/\/zonaroja.com.mx\/wp-content\/uploads\/2024\/12\/Alejandro-Murat-y-Claudia-Sheinbaum.jpeg","jetpack_sharing_enabled":true,"_links":{"self":[{"href":"https:\/\/zonaroja.com.mx\/index.php?rest_route=\/wp\/v2\/posts\/75662","targetHints":{"allow":["GET"]}}],"collection":[{"href":"https:\/\/zonaroja.com.mx\/index.php?rest_route=\/wp\/v2\/posts"}],"about":[{"href":"https:\/\/zonaroja.com.mx\/index.php?rest_route=\/wp\/v2\/types\/post"}],"author":[{"embeddable":true,"href":"https:\/\/zonaroja.com.mx\/index.php?rest_route=\/wp\/v2\/users\/2"}],"replies":[{"embeddable":true,"href":"https:\/\/zonaroja.com.mx\/index.php?rest_route=%2Fwp%2Fv2%2Fcomments&post=75662"}],"version-history":[{"count":1,"href":"https:\/\/zonaroja.com.mx\/index.php?rest_route=\/wp\/v2\/posts\/75662\/revisions"}],"predecessor-version":[{"id":75663,"href":"https:\/\/zonaroja.com.mx\/index.php?rest_route=\/wp\/v2\/posts\/75662\/revisions\/75663"}],"wp:featuredmedia":[{"embeddable":true,"href":"https:\/\/zonaroja.com.mx\/index.php?rest_route=\/wp\/v2\/media\/75639"}],"wp:attachment":[{"href":"https:\/\/zonaroja.com.mx\/index.php?rest_route=%2Fwp%2Fv2%2Fmedia&parent=75662"}],"wp:term":[{"taxonomy":"category","embeddable":true,"href":"https:\/\/zonaroja.com.mx\/index.php?rest_route=%2Fwp%2Fv2%2Fcategories&post=75662"},{"taxonomy":"post_tag","embeddable":true,"href":"https:\/\/zonaroja.com.mx\/index.php?rest_route=%2Fwp%2Fv2%2Ftags&post=75662"}],"curies":[{"name":"wp","href":"https:\/\/api.w.org\/{rel}","templated":true}]}}