{"id":75664,"date":"2024-12-19T08:41:52","date_gmt":"2024-12-19T14:41:52","guid":{"rendered":"https:\/\/zonaroja.com.mx\/?p=75664"},"modified":"2024-12-19T14:07:55","modified_gmt":"2024-12-19T20:07:55","slug":"dos-accidentes-en-oaxaca-dejan-2-muertos-y-6-lesionados","status":"publish","type":"post","link":"https:\/\/zonaroja.com.mx\/?p=75664","title":{"rendered":"Dos accidentes en Oaxaca dejan 2 muertos y 6 lesionados"},"content":{"rendered":"\n<p>Raymundo Morales\/Zona Roja.<\/p>\n\n\n\n<p>Oaxaca de Ju\u00e1rez, Oax., a 19 de diciembre de 2024.- Al menos dos personas perdieron la vida y seis m\u00e1s resultaron lesionadas anoche, por accidentes viales en Oaxaca.<\/p>\n\n\n\n<p>Un caso ocurri\u00f3 en la regi\u00f3n Mixteca, en la carretera federal 190, tramo Santa Mar\u00eda Camotl\u00e1n-Asunci\u00f3n Cuyotepeji, donde un motociclista identificado como Edwin \u201cN\u201d presuntamente derrap\u00f3 y perdi\u00f3 la vida.<\/p>\n\n\n\n<p>Otro percance sucedi\u00f3 anoche en un camino artesanal que se utiliza como v\u00eda alterna en la regi\u00f3n Sierra Ju\u00e1rez, tramo San Juan Chicomez\u00fachitl-Santa Catarina Lachatao, en jurisdicci\u00f3n del distrito de Ixtl\u00e1n, donde volc\u00f3 un taxi del municipio de Tlalixtac de Cabrera.<\/p>\n\n\n\n<p>Corporaciones de emergencia acudieron a la zona para atender a los afectados y trasladaron a los heridos a hospitales de la zona; de la v\u00edctima fatal es un mujer hasta el momento se desconocen sus datos generales.<\/p>\n\n\n\n<p>El chofer de la unidad 05-460, del sitio \u201cSan Gabriel\u201d, fue identificado como Fidel G. G., y es uno de los lesionados que sigue hospitalizado. <\/p>\n","protected":false},"excerpt":{"rendered":"<p>Raymundo Morales\/Zona Roja. Oaxaca de Ju\u00e1rez, Oax., a 19 de diciembre de 2024.- Al menos&hellip;<\/p>\n","protected":false},"author":2,"featured_media":75665,"comment_status":"closed","ping_status":"open","sticky":false,"template":"","format":"standard","meta":{"_lmt_disableupdate":"","_lmt_disable":"","_jetpack_memberships_contains_paid_content":false,"footnotes":""},"categories":[109,47],"tags":[],"class_list":["post-75664","post","type-post","status-publish","format-standard","has-post-thumbnail","hentry","category-minuto-a-minuto","category-zona-gris"],"jetpack_featured_media_url":"https:\/\/zonaroja.com.mx\/wp-content\/uploads\/2024\/12\/Accidente-Ixtlan.jpg","jetpack_sharing_enabled":true,"_links":{"self":[{"href":"https:\/\/zonaroja.com.mx\/index.php?rest_route=\/wp\/v2\/posts\/75664","targetHints":{"allow":["GET"]}}],"collection":[{"href":"https:\/\/zonaroja.com.mx\/index.php?rest_route=\/wp\/v2\/posts"}],"about":[{"href":"https:\/\/zonaroja.com.mx\/index.php?rest_route=\/wp\/v2\/types\/post"}],"author":[{"embeddable":true,"href":"https:\/\/zonaroja.com.mx\/index.php?rest_route=\/wp\/v2\/users\/2"}],"replies":[{"embeddable":true,"href":"https:\/\/zonaroja.com.mx\/index.php?rest_route=%2Fwp%2Fv2%2Fcomments&post=75664"}],"version-history":[{"count":2,"href":"https:\/\/zonaroja.com.mx\/index.php?rest_route=\/wp\/v2\/posts\/75664\/revisions"}],"predecessor-version":[{"id":75667,"href":"https:\/\/zonaroja.com.mx\/index.php?rest_route=\/wp\/v2\/posts\/75664\/revisions\/75667"}],"wp:featuredmedia":[{"embeddable":true,"href":"https:\/\/zonaroja.com.mx\/index.php?rest_route=\/wp\/v2\/media\/75665"}],"wp:attachment":[{"href":"https:\/\/zonaroja.com.mx\/index.php?rest_route=%2Fwp%2Fv2%2Fmedia&parent=75664"}],"wp:term":[{"taxonomy":"category","embeddable":true,"href":"https:\/\/zonaroja.com.mx\/index.php?rest_route=%2Fwp%2Fv2%2Fcategories&post=75664"},{"taxonomy":"post_tag","embeddable":true,"href":"https:\/\/zonaroja.com.mx\/index.php?rest_route=%2Fwp%2Fv2%2Ftags&post=75664"}],"curies":[{"name":"wp","href":"https:\/\/api.w.org\/{rel}","templated":true}]}}