{"id":75669,"date":"2024-12-19T18:29:17","date_gmt":"2024-12-20T00:29:17","guid":{"rendered":"https:\/\/zonaroja.com.mx\/?p=75669"},"modified":"2024-12-19T18:29:19","modified_gmt":"2024-12-20T00:29:19","slug":"condena-gobernador-de-oaxaca-agresion-de-edil-contra-mujer-le-pide-separarse","status":"publish","type":"post","link":"https:\/\/zonaroja.com.mx\/?p=75669","title":{"rendered":"Condena gobernador de Oaxaca agresi\u00f3n de edil contra mujer; le pide separarse"},"content":{"rendered":"\n<p>Ismael Garc\u00eda M.\/Zona Roja.<\/p>\n\n\n\n<p>Oaxaca de Ju\u00e1rez, Oax., a 19 de noviembre de 2024.- Tras la difusi\u00f3n de un video en que el edil de San Pedro Ixtlahuaca golpea a una mujer ind\u00edgena, el gobernador de Oaxaca, Salom\u00f3n Jara Cruz conden\u00f3 el acto y le pidi\u00f3 separarse del cargo.<\/p>\n\n\n\n<p>\u201cEn relaci\u00f3n a la agresi\u00f3n del presidente municipal de San Pedro Ixtlahuaca, Roberto P\u00e9rez Delgado, condeno en\u00e9rgicamente los actos de violencia cometidos en contra de una mujer ind\u00edgena. El presidente debe separarse del cargo y asumir las responsabilidades frente a las autoridades competentes\u201d, difundi\u00f3 en las rede sociales.<\/p>\n\n\n\n<p>El video fue dado a conocer esta ma\u00f1ana y se volvi\u00f3 viral en las redes sociales; ah\u00ed se aprecia cuando el edil jala de los pelos a una femenina y la zarandea y golpea.<\/p>\n\n\n\n<p>En tanto, la Fiscal\u00eda General del Estado de Oaxaca (FGEO) inform\u00f3 que inici\u00f3 una carpeta de investigaci\u00f3n de oficio, tras los hechos captados en video y difundidos en redes sociales, cuya responsabilidad se la atribuyen a autoridades de dicho ayuntamiento.\u201d<\/p>\n\n\n\n<p>El caso que qued\u00f3 a cargo de la Fiscal\u00eda Especializada para la Atenci\u00f3n a Delitos Contra la Mujer por Raz\u00f3n de G\u00e9nero que cuenta con datos que permiten fortalecer las indagatorias y definir las l\u00edneas de investigaci\u00f3n, adem\u00e1s que ya est\u00e1 en contacto con la v\u00edctima.<\/p>\n\n\n\n<p>\u201cEn tanto que, la Fiscal\u00eda de Oaxaca ofrece los servicios multidisciplinarios para brindar atenci\u00f3n y acompa\u00f1amiento integral a la v\u00edctima de este tipo de delitos por raz\u00f3n de g\u00e9nero, expuso en un comunicado.<\/p>\n\n\n\n<p>Por su parte, el mun\u00edcipe, ex candidato al Senado de la Rep\u00fablica por el Partido Verde Ecologista de M\u00e9xico, se justific\u00f3 y dijo que fue agredido y que el hecho ha sido descontextualizado; se excus\u00f3 que el hecho \u201cse ha tergiversado\u201d; aunque dio a conocer que se separa temporalmente del cargo para \u201cno entorpecer la investigaci\u00f3n\u201d.<\/p>\n\n\n\n<p>No obstante, insisti\u00f3 en su comunicado que \u201cse pretende sacar ventaja pol\u00edtica da\u00f1\u00e1ndotelo mi imagen\u201d, a\u00fan cuando reconoce que lo hizo \u201cen defensa de mi integridad f\u00edsica\u201d.<\/p>\n\n\n\n<p>La Defensor\u00eda de los Derechos Humanos del Pueblo de Oaxaca dio a conocer que inici\u00f3 un expediente de oficio, con n\u00famero DDHPO\/9329\/(01)\/OAX\/2024.<\/p>\n\n\n\n<p>Por su parte, la Secretar\u00eda de las Mujeres de Oaxaca expuso que el caso se est\u00e1 atendiendo de manera prioritaria a trav\u00e9s de diversas instancias p\u00fablicas.<\/p>\n\n\n\n<p>Seg\u00fan el propio edil, los hechos sucedieron ayer mi\u00e9rcoles por la tarde en el paraje \u201cLos Huajales\u201d de Ixtlahuaca \u2014municipio conurbado a la capital oaxaque\u00f1a\u2014 durante una ri\u00f1a de mototaxistas.<\/p>\n\n\n\n<figure class=\"wp-block-embed is-type-rich is-provider-twitter wp-block-embed-twitter\"><div class=\"wp-block-embed__wrapper\">\n<div class=\"twitter-tweet\"><blockquote class=\"twitter-tweet\" data-lang=\"es\"><p lang=\"es\" dir=\"ltr\">\u00a1Terrible!<br><br>As\u00ed golpe\u00f3 el presidente municipal morenista <a href=\"https:\/\/twitter.com\/RobertoPerezD_?ref_src=twsrc%5Etfw\">@RobertoPerezD_<\/a> a una mujer ind\u00edgena, en San Pedro Ixtlahuaca, Oaxaca. <br><br>Es adem\u00e1s senador suplente de <a href=\"https:\/\/twitter.com\/LauraEstradaMau?ref_src=twsrc%5Etfw\">@LauraEstradaMau<\/a>, por el <a href=\"https:\/\/twitter.com\/partidoverdemex?ref_src=twsrc%5Etfw\">@partidoverdemex<\/a>. <br><br>\u00bfY las autoridades? \u00bfY los organismos civiles? \u00bfY la <a href=\"https:\/\/twitter.com\/DDHPO?ref_src=twsrc%5Etfw\">@DDHPO<\/a> <a href=\"https:\/\/twitter.com\/CNDH?ref_src=twsrc%5Etfw\">@CNDH<\/a>\u2026 <a href=\"https:\/\/t.co\/EQuU9A5Uaq\">pic.twitter.com\/EQuU9A5Uaq<\/a><\/p>&mdash; Zona Roja Oaxaca (@ZonaRoja_Oaxaca) <a href=\"https:\/\/twitter.com\/ZonaRoja_Oaxaca\/status\/1869828221468061819?ref_src=twsrc%5Etfw\">19 de diciembre de 2024<\/a><\/blockquote><\/div>\n<\/div><\/figure>\n","protected":false},"excerpt":{"rendered":"<p>Ismael Garc\u00eda M.\/Zona Roja. Oaxaca de Ju\u00e1rez, Oax., a 19 de noviembre de 2024.- Tras&hellip;<\/p>\n","protected":false},"author":2,"featured_media":75670,"comment_status":"closed","ping_status":"open","sticky":false,"template":"","format":"standard","meta":{"_lmt_disableupdate":"","_lmt_disable":"","_jetpack_memberships_contains_paid_content":false,"footnotes":""},"categories":[109,47],"tags":[3264,2140],"class_list":["post-75669","post","type-post","status-publish","format-standard","has-post-thumbnail","hentry","category-minuto-a-minuto","category-zona-gris","tag-roberto-perez-delgado","tag-san-pedro-ixtlahuaca"],"jetpack_featured_media_url":"https:\/\/zonaroja.com.mx\/wp-content\/uploads\/2024\/12\/Agresion-mujer-edil-de-Ixtlahuaca.jpg","jetpack_sharing_enabled":true,"_links":{"self":[{"href":"https:\/\/zonaroja.com.mx\/index.php?rest_route=\/wp\/v2\/posts\/75669","targetHints":{"allow":["GET"]}}],"collection":[{"href":"https:\/\/zonaroja.com.mx\/index.php?rest_route=\/wp\/v2\/posts"}],"about":[{"href":"https:\/\/zonaroja.com.mx\/index.php?rest_route=\/wp\/v2\/types\/post"}],"author":[{"embeddable":true,"href":"https:\/\/zonaroja.com.mx\/index.php?rest_route=\/wp\/v2\/users\/2"}],"replies":[{"embeddable":true,"href":"https:\/\/zonaroja.com.mx\/index.php?rest_route=%2Fwp%2Fv2%2Fcomments&post=75669"}],"version-history":[{"count":1,"href":"https:\/\/zonaroja.com.mx\/index.php?rest_route=\/wp\/v2\/posts\/75669\/revisions"}],"predecessor-version":[{"id":75671,"href":"https:\/\/zonaroja.com.mx\/index.php?rest_route=\/wp\/v2\/posts\/75669\/revisions\/75671"}],"wp:featuredmedia":[{"embeddable":true,"href":"https:\/\/zonaroja.com.mx\/index.php?rest_route=\/wp\/v2\/media\/75670"}],"wp:attachment":[{"href":"https:\/\/zonaroja.com.mx\/index.php?rest_route=%2Fwp%2Fv2%2Fmedia&parent=75669"}],"wp:term":[{"taxonomy":"category","embeddable":true,"href":"https:\/\/zonaroja.com.mx\/index.php?rest_route=%2Fwp%2Fv2%2Fcategories&post=75669"},{"taxonomy":"post_tag","embeddable":true,"href":"https:\/\/zonaroja.com.mx\/index.php?rest_route=%2Fwp%2Fv2%2Ftags&post=75669"}],"curies":[{"name":"wp","href":"https:\/\/api.w.org\/{rel}","templated":true}]}}