{"id":75672,"date":"2024-12-19T21:42:49","date_gmt":"2024-12-20T03:42:49","guid":{"rendered":"https:\/\/zonaroja.com.mx\/?p=75672"},"modified":"2024-12-19T21:42:51","modified_gmt":"2024-12-20T03:42:51","slug":"confirma-gobierno-hospitalizacion-de-juan-antonio-v-c","status":"publish","type":"post","link":"https:\/\/zonaroja.com.mx\/?p=75672","title":{"rendered":"Confirma gobierno hospitalizaci\u00f3n de Juan Antonio V. C."},"content":{"rendered":"\n<p>Raymundo Morales\/Zona Roja.<\/p>\n\n\n\n<p>Oaxaca de Ju\u00e1rez, Oax., a 19 de diciembre de 2024.- Tras el esc\u00e1ndalo que gener\u00f3 Mar\u00eda Elena R\u00edos en un nosocomio privado, el gobierno de Oaxaca confirm\u00f3 que Juan Antonio V. C. fue excarcelado temporalmente para recibir atenci\u00f3n m\u00e9dica en la capital del estado.<\/p>\n\n\n\n<p>La tarde de hoy, la joven v\u00edctima de agresi\u00f3n con \u00e1cido inform\u00f3 a trav\u00e9s de redes sociales que presuntamente las autoridades sacaron del reclusorio de San Francisco Tanivet al empresario gasolinero y que con ello le permitir\u00edan la fuga.<\/p>\n\n\n\n<p>\u201cEl Gobierno del Estado, a trav\u00e9s de la Secretar\u00eda de Seguridad y Protecci\u00f3n Ciudadana (SSPC), informa que realiz\u00f3 la excarcelaci\u00f3n m\u00e9dica de Juan Antonio \u201cNN\u201d derivado de complicaciones m\u00e9dicas desarrolladas al interior del Centro Penitenciario de Tanivet Varonil\u201d, dio a conocer en un comunicado.<\/p>\n\n\n\n<p>Detall\u00f3 que el subsecretario de Prevenci\u00f3n y Reinserci\u00f3n Social de la SSPC, Roberto Claudio Castillo Ram\u00edrez, se\u00f1al\u00f3 que la excarcelaci\u00f3n se realiza cuando el Sistema Penitenciario no cuenta con la especialidad m\u00e9dica para atender a una Persona Privada de la Libertad al interior del centro, por lo que es trasladado a un hospital civil o particular.<\/p>\n\n\n\n<p>\u201cEn cumplimiento a los ejes rectores de reinserci\u00f3n social y derivado de las valoraciones m\u00e9dicas realizadas a Juan Antonio \u201cNN\u201d se dictamin\u00f3 su hospitalizaci\u00f3n externa para recibir la atenci\u00f3n especializada correspondiente, no obstante cuenta con la guardia y custodia de la Polic\u00eda Estatal.<\/p>\n\n\n\n<p>\u201cEn cuanto se tenga una alta m\u00e9dica que justifique que la persona puede salir del hospital, volver\u00e1 a internarse al Centro Penitenciario\u201d, dijo.<\/p>\n\n\n\n<p>A\u00f1adi\u00f3 que esto no representa su libertad ni un cambio de medida cautelar, y esta acci\u00f3n est\u00e1 justificada en la Ley Nacional de Ejecuci\u00f3n Penal.<\/p>\n\n\n\n<p>El Gobierno del Estado, a trav\u00e9s de la SSPC, refrend\u00f3 la voluntad de cooperar con la v\u00edctima y con cualquier organismo defensor de los derechos humanos nacional o internacional para que puedan conocer el expediente m\u00e9dico de Juan Antonio \u201cNN\u201d.<\/p>\n","protected":false},"excerpt":{"rendered":"<p>Raymundo Morales\/Zona Roja. Oaxaca de Ju\u00e1rez, Oax., a 19 de diciembre de 2024.- Tras el&hellip;<\/p>\n","protected":false},"author":2,"featured_media":75673,"comment_status":"closed","ping_status":"open","sticky":false,"template":"","format":"standard","meta":{"_lmt_disableupdate":"","_lmt_disable":"","_jetpack_memberships_contains_paid_content":false,"footnotes":""},"categories":[109,47],"tags":[1144,1124],"class_list":["post-75672","post","type-post","status-publish","format-standard","has-post-thumbnail","hentry","category-minuto-a-minuto","category-zona-gris","tag-juan-antonio-vera-carrizal","tag-maria-elena-rios-ortiz"],"jetpack_featured_media_url":"https:\/\/zonaroja.com.mx\/wp-content\/uploads\/2024\/12\/Juan-Antonio-Vera-Carrizal-y-Maria-Elena.jpg.jpeg","jetpack_sharing_enabled":true,"_links":{"self":[{"href":"https:\/\/zonaroja.com.mx\/index.php?rest_route=\/wp\/v2\/posts\/75672","targetHints":{"allow":["GET"]}}],"collection":[{"href":"https:\/\/zonaroja.com.mx\/index.php?rest_route=\/wp\/v2\/posts"}],"about":[{"href":"https:\/\/zonaroja.com.mx\/index.php?rest_route=\/wp\/v2\/types\/post"}],"author":[{"embeddable":true,"href":"https:\/\/zonaroja.com.mx\/index.php?rest_route=\/wp\/v2\/users\/2"}],"replies":[{"embeddable":true,"href":"https:\/\/zonaroja.com.mx\/index.php?rest_route=%2Fwp%2Fv2%2Fcomments&post=75672"}],"version-history":[{"count":1,"href":"https:\/\/zonaroja.com.mx\/index.php?rest_route=\/wp\/v2\/posts\/75672\/revisions"}],"predecessor-version":[{"id":75674,"href":"https:\/\/zonaroja.com.mx\/index.php?rest_route=\/wp\/v2\/posts\/75672\/revisions\/75674"}],"wp:featuredmedia":[{"embeddable":true,"href":"https:\/\/zonaroja.com.mx\/index.php?rest_route=\/wp\/v2\/media\/75673"}],"wp:attachment":[{"href":"https:\/\/zonaroja.com.mx\/index.php?rest_route=%2Fwp%2Fv2%2Fmedia&parent=75672"}],"wp:term":[{"taxonomy":"category","embeddable":true,"href":"https:\/\/zonaroja.com.mx\/index.php?rest_route=%2Fwp%2Fv2%2Fcategories&post=75672"},{"taxonomy":"post_tag","embeddable":true,"href":"https:\/\/zonaroja.com.mx\/index.php?rest_route=%2Fwp%2Fv2%2Ftags&post=75672"}],"curies":[{"name":"wp","href":"https:\/\/api.w.org\/{rel}","templated":true}]}}