{"id":75676,"date":"2024-12-20T08:00:00","date_gmt":"2024-12-20T14:00:00","guid":{"rendered":"https:\/\/zonaroja.com.mx\/?p=75676"},"modified":"2024-12-20T06:53:19","modified_gmt":"2024-12-20T12:53:19","slug":"tabasco-ya-no-es-un-eden-motin-deja-7-muertos-quema-de-vehiculos-y-narcobloqueos","status":"publish","type":"post","link":"https:\/\/zonaroja.com.mx\/?p=75676","title":{"rendered":"Tabasco ya no es un ed\u00e9n: mot\u00edn deja 7 muertos, quema de veh\u00edculos y \u201cnarcobloqueos\u201d"},"content":{"rendered":"\n<p>Redacci\u00f3n\/Zona Roja Cdmx.<\/p>\n\n\n\n<p>Ciudad de M\u00e9xico, a 20 de diciembre de 2024.- Siete reos fallecidos y 10 lesionados, adem\u00e1s de cuatro elementos policiacos heridos, dej\u00f3 la madrugada de ayer un enfrentamiento a balazos entre internos y autoridades en el Centro de Reinserci\u00f3n Social del Estado de Tabasco (Creset), el cual se gener\u00f3 cuando fuerzas de los tres niveles intentaban concretar una orden de traslado de dos reclusos considerados generadores de violencia en la entidad, inform\u00f3 la fiscal\u00eda estatal.<\/p>\n\n\n\n<p>Casi de manera simult\u00e1nea a los disturbios en el Creset, presuntos criminales quemaron al menos 10 veh\u00edculos, una estaci\u00f3n de gasolina y seis tiendas de conveniencia en distintos puntos de la ciudad.<\/p>\n\n\n\n<p>Desconocidos colocaron artefactos ponchallantas sobre el libramiento Villahermosa y fue hallado un cuerpo con impactos de bala en la colonia Guadalupe Borja, as\u00ed como una manta con amenazas contra las autoridades en el sector Gaviotas.<\/p>\n\n\n\n<p>El titular de la Secretar\u00eda de Seguridad y Protecci\u00f3n Ciudadana (SSPC) estatal, V\u00edctor Hugo Ch\u00e1vez Mart\u00ednez, explic\u00f3 que a las cinco de la madrugada, cuando arribaron los efectivos al penal para trasladar a dos sujetos a una c\u00e1rcel federal, fueron recibidos con agresiones de arma de fuego por parte de algunos internos, mientras otros comenzaron a vandalizar y provocar incendios en el lugar.<\/p>\n\n\n\n<p>En conferencia de prensa realizada alrededor de las 14 horas, acompa\u00f1ado por el gobernador Javier May Rodr\u00edguez, detall\u00f3 que uno de los reclusos por los que iban, identificado como Gerardo \u201cN\u201d, fue localizado y asegurado a las ocho horas en el \u00e1rea de calabozos, sin oponer resistencia; sin embargo, el segundo, Javier \u201cN\u201d, convoc\u00f3 a los internos a amotinarse y fue cuando se desat\u00f3 la refriega.<\/p>\n\n\n\n<p>Precis\u00f3 que este \u00faltimo estaba custodiado por aproximadamente 20 reos \u201cy la autoridad debi\u00f3 actuar en defensa de su propia vida y conforme a la Ley Nacional de Uso de la Fuerza\u201d; Javier N fue controlado a las 9:15 en el m\u00f3dulo 4.<\/p>\n\n\n\n<p>El funcionario indic\u00f3 que en el lugar se decomisaron un fusil AR-15, cinco pistolas calibre 9 mil\u00edmetros, una granada de fragmentaci\u00f3n, cuatro cargadores, 27 cartuchos 5.56 mil\u00edmetros y ocho de 9, cinco radios, siete celulares, 23 machetes, 14 cuchillos, 23 armas blancas (hechizas) y 541 dosis de droga (un kilo 449 gramos).<\/p>\n\n\n\n<p>Por su parte, el mandatario morenista recalc\u00f3 que a esa hora ya se hab\u00eda restablecido el orden en el Creset y que se trabaja diariamente para garantizar la paz en el estado; subray\u00f3 que en Tabasco hay \u201ccero impunidad\u201d. Asimismo, anunci\u00f3 que el lunes durante su conferencia matutina se dar\u00e1n mayores informes en el tema de seguridad.<\/p>\n\n\n\n<p>Ch\u00e1vez Mart\u00ednez no mencion\u00f3 n\u00famero de muertos y heridos, pero durante la ma\u00f1ana, frente a familiares de los reos que se manifestaron frente al Creset para exigir informaci\u00f3n, el fiscal Jos\u00e9 Barajas Mej\u00eda confirm\u00f3 dos decesos y pidi\u00f3 calma a los inconformes.<\/p>\n\n\n\n<p>Por la noche, en un comunicado la FGE puntualiz\u00f3 que fueron siete los fallecidos, a los que identific\u00f3 como Jorge Francisco \u201cN\u201d, Marcelo \u201cN\u201d, Mario de Jes\u00fas \u201cN\u201d, Alejandro \u201cN\u201d, Iv\u00e1n \u201cN\u201d, Cristhian \u201cN\u201d y Antonio \u201cN\u201d; se\u00f1al\u00f3 que se iniciaron las investigaciones correspondientes para el esclarecimiento de lo sucedido.<\/p>\n\n\n\n<p>(Informaci\u00f3n de \u201cLa Jornada\u201d)<\/p>\n","protected":false},"excerpt":{"rendered":"<p>Redacci\u00f3n\/Zona Roja Cdmx. Ciudad de M\u00e9xico, a 20 de diciembre de 2024.- Siete reos fallecidos&hellip;<\/p>\n","protected":false},"author":2,"featured_media":75677,"comment_status":"closed","ping_status":"open","sticky":false,"template":"","format":"standard","meta":{"_lmt_disableupdate":"","_lmt_disable":"","_jetpack_memberships_contains_paid_content":false,"footnotes":""},"categories":[109,51],"tags":[4137],"class_list":["post-75676","post","type-post","status-publish","format-standard","has-post-thumbnail","hentry","category-minuto-a-minuto","category-zona-roja","tag-tabasco-motin"],"jetpack_featured_media_url":"https:\/\/zonaroja.com.mx\/wp-content\/uploads\/2024\/12\/Motin-Tabasco.jpeg","jetpack_sharing_enabled":true,"_links":{"self":[{"href":"https:\/\/zonaroja.com.mx\/index.php?rest_route=\/wp\/v2\/posts\/75676","targetHints":{"allow":["GET"]}}],"collection":[{"href":"https:\/\/zonaroja.com.mx\/index.php?rest_route=\/wp\/v2\/posts"}],"about":[{"href":"https:\/\/zonaroja.com.mx\/index.php?rest_route=\/wp\/v2\/types\/post"}],"author":[{"embeddable":true,"href":"https:\/\/zonaroja.com.mx\/index.php?rest_route=\/wp\/v2\/users\/2"}],"replies":[{"embeddable":true,"href":"https:\/\/zonaroja.com.mx\/index.php?rest_route=%2Fwp%2Fv2%2Fcomments&post=75676"}],"version-history":[{"count":1,"href":"https:\/\/zonaroja.com.mx\/index.php?rest_route=\/wp\/v2\/posts\/75676\/revisions"}],"predecessor-version":[{"id":75678,"href":"https:\/\/zonaroja.com.mx\/index.php?rest_route=\/wp\/v2\/posts\/75676\/revisions\/75678"}],"wp:featuredmedia":[{"embeddable":true,"href":"https:\/\/zonaroja.com.mx\/index.php?rest_route=\/wp\/v2\/media\/75677"}],"wp:attachment":[{"href":"https:\/\/zonaroja.com.mx\/index.php?rest_route=%2Fwp%2Fv2%2Fmedia&parent=75676"}],"wp:term":[{"taxonomy":"category","embeddable":true,"href":"https:\/\/zonaroja.com.mx\/index.php?rest_route=%2Fwp%2Fv2%2Fcategories&post=75676"},{"taxonomy":"post_tag","embeddable":true,"href":"https:\/\/zonaroja.com.mx\/index.php?rest_route=%2Fwp%2Fv2%2Ftags&post=75676"}],"curies":[{"name":"wp","href":"https:\/\/api.w.org\/{rel}","templated":true}]}}