{"id":75679,"date":"2024-12-20T08:30:00","date_gmt":"2024-12-20T14:30:00","guid":{"rendered":"https:\/\/zonaroja.com.mx\/?p=75679"},"modified":"2024-12-20T07:48:32","modified_gmt":"2024-12-20T13:48:32","slug":"anuncian-inversion-de-50-mdp-para-iniciar-saneamiento-de-rios-en-oaxaca","status":"publish","type":"post","link":"https:\/\/zonaroja.com.mx\/?p=75679","title":{"rendered":"Anuncian inversi\u00f3n de 50 mdp para iniciar saneamiento de r\u00edos en Oaxaca"},"content":{"rendered":"\n<p>Raymundo Morales\/Zona Roja.<\/p>\n\n\n\n<p>Oaxaca de Ju\u00e1rez, Oax., a 20 de diciembre de 2024.- Al presidir la sesi\u00f3n de la Comisi\u00f3n para el Saneamiento de los R\u00edos \u201cAtoyac\u201d y \u201cSalado\u201d, el gobernador Salom\u00f3n Jara Cruz anunci\u00f3 una inversi\u00f3n de 50 millones de pesos para comenzar a limpiar dichos afluentes.<\/p>\n\n\n\n<p>Durante el encuentro efectuado en el Centro de Convenciones de Oaxaca, reconoci\u00f3 los esfuerzos que se realizan en conjunto la Comisi\u00f3n, 50 autoridades municipales y representantes agrarios, que forman parte de la cuenca del r\u00edo \u201cAtoyac\u201d, para recuperar estos afluentes que tienen un gran significado en la historia estatal.<\/p>\n\n\n\n<p>Detall\u00f3 que, la estrategia planeada involucra cuestiones de medio ambiente, salud y abasto de agua, as\u00ed como el desarrollo integral de las comunidades, promoviendo el desazolve del r\u00edo \u201cAtoyac\u201d para su recuperaci\u00f3n y un Convenio marco que firmar\u00e1n 13 municipalidades de la Zona Metropolitana (ZMO), abarcando diversas tareas.&nbsp;<\/p>\n\n\n\n<p>Jara Cruz enfatiz\u00f3 que \u201cpara grandes problemas, se requieren grandes voluntades, esfuerzos, recursos y soluciones, por ello, ante la degradaci\u00f3n sistem\u00e1tica que han sufrido estos afluentes por d\u00e9cadas, corresponde a nuestra generaci\u00f3n revalorar su contribuci\u00f3n a la vida y a la diversidad natural\u201d.&nbsp;<\/p>\n\n\n\n<p>De acuerdo con la Comisi\u00f3n del Agua para el Bienestar (Ceabien), se llev\u00f3 a cabo un an\u00e1lisis, con estudios y sondeo en las m\u00e1rgenes de los r\u00edos, por lo que se implementan cinco proyectos para cumplir los objetivos del plan, con una inversi\u00f3n de 50 millones de pesos que ir\u00e1 aumentando posteriormente.&nbsp;<\/p>\n\n\n\n<p>Actualmente, se construyen dos plantas de tratamiento de aguas, en Santa Mar\u00eda Coyotepec y San Bartolo Coyotepec, que estar\u00e1n listas para marzo de 2025, as\u00ed como la reutilizaci\u00f3n de agua tratadas en la planta de San Juan Bautista La Raya, por lo que se llevar\u00e1 a cabo un proyecto para trasladarlas al Bosque El Tequio y usarlas para regar \u00e1reas verdes, siendo esta una primera etapa de acciones.\u00a0<\/p>\n\n\n\n<figure class=\"wp-block-embed is-type-rich is-provider-twitter wp-block-embed-twitter\"><div class=\"wp-block-embed__wrapper\">\n<div class=\"twitter-tweet\"><blockquote class=\"twitter-tweet\" data-lang=\"es\"><p lang=\"es\" dir=\"ltr\">En la Casa del Pueblo, encabezamos la Ceremonia de Graduaci\u00f3n de la Primera Generaci\u00f3n de las Fuerzas Especiales de la <a href=\"https:\/\/twitter.com\/SSPC_GobOax?ref_src=twsrc%5Etfw\">@SSPC_GobOax<\/a>. Se trata de 18 elementos que integran el grupo operativo Alfa y Bravo, un cuerpo de \u00e9lite de la Polic\u00eda Estatal, especializado para atender\u2026 <a href=\"https:\/\/t.co\/dNuVGTbaIY\">pic.twitter.com\/dNuVGTbaIY<\/a><\/p>&mdash; Salom\u00f3n Jara Cruz (@salomonj) <a href=\"https:\/\/twitter.com\/salomonj\/status\/1869895111024246787?ref_src=twsrc%5Etfw\">19 de diciembre de 2024<\/a><\/blockquote><\/div>\n<\/div><\/figure>\n\n\n\n<p>FUERZAS ESPECIALES<\/p>\n\n\n\n<p>En otro acto y con la entrega de boinas, insignias y diplomas, el gobernador Salom\u00f3n Jara Cruz encabez\u00f3 la ceremonia de graduaci\u00f3n de la Primera Generaci\u00f3n de Fuerzas Especiales de la Secretar\u00eda de Seguridad y Protecci\u00f3n Ciudadana (SSPC), conformada por dos mujeres y 16 hombres, que se integrar\u00e1n a los agrupamientos \u201cAlfa\u201d y \u201cBravo\u201d.<\/p>\n\n\n\n<p>En el Palacio de Gobierno, el mandatario expres\u00f3 que a dos a\u00f1os de su administraci\u00f3n se trabaja, como nunca, para consolidar un Oaxaca con gobernabilidad, que es la base del bienestar, para seguir entre los estados m\u00e1s seguros del pa\u00eds.<\/p>\n\n\n\n<p>Luego de se\u00f1alar que, en estos trabajos de fortalecimiento no se han escatimado recursos ni esfuerzos para estar a la altura de las demandas y necesidades de la poblaci\u00f3n; record\u00f3 que en noviembre se puso en marcha la Universidad de Seguridad P\u00fablica y Paz Social, la cual rinde sus primeros frutos, con esta primera generaci\u00f3n de graduadas y graduados.<\/p>\n\n\n\n<p>\u201cNuestra premisa es seguir a la vanguardia con la creaci\u00f3n de un modelo educativo, innovador e inclusivo, que promueva una capacitaci\u00f3n policial de excelencia al interior de las corporaciones\u201d, afirm\u00f3 junto a representantes de las Fuerzas Armadas y familiares de las y los egresados.<\/p>\n\n\n\n<p>En tanto, el titular de la SSPC, Iv\u00e1n Garc\u00eda \u00c1lvarez destac\u00f3 que, por cuatro meses y durante m\u00e1s de mil horas, las y los 18 elementos dedicaron su voluntad y enfocaron todos sus sentidos a su formaci\u00f3n acad\u00e9mica y pr\u00e1ctica, para desarrollar habilidades y t\u00e1cticas avanzadas y orientadas a la resoluci\u00f3n de conflictos de alto impacto.<\/p>\n\n\n\n<figure class=\"wp-block-embed is-type-rich is-provider-twitter wp-block-embed-twitter\"><div class=\"wp-block-embed__wrapper\">\n<div class=\"twitter-tweet\"><blockquote class=\"twitter-tweet\" data-lang=\"es\"><p lang=\"es\" dir=\"ltr\">En el Bosque El Tequio, encabezamos la Cosecha de R\u00e1banos 2024 para la edici\u00f3n 127 de la <a href=\"https:\/\/twitter.com\/hashtag\/NocheDeR%C3%A1banos?src=hash&amp;ref_src=twsrc%5Etfw\">#NocheDeR\u00e1banos<\/a>, un evento que muestra la riqueza intercultural y el talento de las hortelanas y hortelanos que cada a\u00f1o fortalecen esta tradici\u00f3n \u00fanica en el mundo.<br><br>En esta ocasi\u00f3n, vamos a\u2026 <a href=\"https:\/\/t.co\/Mi4PlFEX2p\">pic.twitter.com\/Mi4PlFEX2p<\/a><\/p>&mdash; Salom\u00f3n Jara Cruz (@salomonj) <a href=\"https:\/\/twitter.com\/salomonj\/status\/1869787254836576483?ref_src=twsrc%5Etfw\">19 de diciembre de 2024<\/a><\/blockquote><\/div>\n<\/div><\/figure>\n\n\n\n<p>COSECHA DE R\u00c1BANOS<\/p>\n\n\n\n<p>Por la ma\u00f1ana de ayer, en el bosque \u201cEl Tequio\u201d y desde temprana hora, inici\u00f3 la cosecha de m\u00e1s de 14 toneladas de los tub\u00e9rculos que se emplear\u00e1n en la tradicional Noche de R\u00e1banos, encabezada por el gobernador Salom\u00f3n Jara Cruz, quien acompa\u00f1\u00f3 a familias hortelanas que desde meses atr\u00e1s, se preparan para esta fiesta que se realiza en el z\u00f3calo de la capital oaxaque\u00f1a cada 23 de diciembre.<\/p>\n\n\n\n<p>Previo a la actividad, reconoci\u00f3 que las familias hortelanas que participar\u00e1n en la 127 edici\u00f3n de esta celebraci\u00f3n iniciada en Trinidad de las Huertas fortalecen dicha tradici\u00f3n cada a\u00f1o, en un esfuerzo conjunto con autoridades municipales y estatales, por lo que es importante brindarles siempre acompa\u00f1amiento.&nbsp;<\/p>\n\n\n\n<p>&nbsp;\u201cEsta es una fiesta m\u00e1gica y colorida, que ha trascendido fronteras y donde se conjuga la notable creatividad del pueblo oaxaque\u00f1o que despliega su talento, capacidad para realizar figuras de r\u00e1bano, totomoxtle y flor inmortal\u201d, dijo.<\/p>\n\n\n\n<p>Asimismo, Jara Cruz anunci\u00f3 que, por segundo a\u00f1o consecutivo, se llevar\u00e1 a cabo el Convite de R\u00e1banos el d\u00eda 22 de diciembre a las 18:00 horas, partiendo de la fuente de las Ocho Regiones para culminar en el z\u00f3calo.&nbsp;<\/p>\n","protected":false},"excerpt":{"rendered":"<p>Raymundo Morales\/Zona Roja. Oaxaca de Ju\u00e1rez, Oax., a 20 de diciembre de 2024.- Al presidir&hellip;<\/p>\n","protected":false},"author":2,"featured_media":75680,"comment_status":"closed","ping_status":"open","sticky":false,"template":"","format":"standard","meta":{"_lmt_disableupdate":"","_lmt_disable":"","_jetpack_memberships_contains_paid_content":false,"footnotes":""},"categories":[109,46],"tags":[939],"class_list":["post-75679","post","type-post","status-publish","format-standard","has-post-thumbnail","hentry","category-minuto-a-minuto","category-zona-blanca","tag-salomon-jara-cruz"],"jetpack_featured_media_url":"https:\/\/zonaroja.com.mx\/wp-content\/uploads\/2024\/12\/Sesion-Jara-Salomon-saneamiento-de-rios.jpeg","jetpack_sharing_enabled":true,"_links":{"self":[{"href":"https:\/\/zonaroja.com.mx\/index.php?rest_route=\/wp\/v2\/posts\/75679","targetHints":{"allow":["GET"]}}],"collection":[{"href":"https:\/\/zonaroja.com.mx\/index.php?rest_route=\/wp\/v2\/posts"}],"about":[{"href":"https:\/\/zonaroja.com.mx\/index.php?rest_route=\/wp\/v2\/types\/post"}],"author":[{"embeddable":true,"href":"https:\/\/zonaroja.com.mx\/index.php?rest_route=\/wp\/v2\/users\/2"}],"replies":[{"embeddable":true,"href":"https:\/\/zonaroja.com.mx\/index.php?rest_route=%2Fwp%2Fv2%2Fcomments&post=75679"}],"version-history":[{"count":1,"href":"https:\/\/zonaroja.com.mx\/index.php?rest_route=\/wp\/v2\/posts\/75679\/revisions"}],"predecessor-version":[{"id":75681,"href":"https:\/\/zonaroja.com.mx\/index.php?rest_route=\/wp\/v2\/posts\/75679\/revisions\/75681"}],"wp:featuredmedia":[{"embeddable":true,"href":"https:\/\/zonaroja.com.mx\/index.php?rest_route=\/wp\/v2\/media\/75680"}],"wp:attachment":[{"href":"https:\/\/zonaroja.com.mx\/index.php?rest_route=%2Fwp%2Fv2%2Fmedia&parent=75679"}],"wp:term":[{"taxonomy":"category","embeddable":true,"href":"https:\/\/zonaroja.com.mx\/index.php?rest_route=%2Fwp%2Fv2%2Fcategories&post=75679"},{"taxonomy":"post_tag","embeddable":true,"href":"https:\/\/zonaroja.com.mx\/index.php?rest_route=%2Fwp%2Fv2%2Ftags&post=75679"}],"curies":[{"name":"wp","href":"https:\/\/api.w.org\/{rel}","templated":true}]}}