{"id":7568,"date":"2020-01-11T17:34:31","date_gmt":"2020-01-11T23:34:31","guid":{"rendered":"http:\/\/www.zonaroja.com.mx\/?p=7568"},"modified":"2020-01-11T17:34:35","modified_gmt":"2020-01-11T23:34:35","slug":"autoridades-estatales-se-burlan-de-las-mujeres-en-oaxaca-colectivo-feminista","status":"publish","type":"post","link":"https:\/\/zonaroja.com.mx\/?p=7568","title":{"rendered":"Autoridades estatales se burlan de las mujeres en Oaxaca: colectivo feminista"},"content":{"rendered":"\n<p>Evlin Arag\u00f3n\/Zona Roja.<\/p>\n\n\n\n<p>Oaxaca de Ju\u00e1rez, Oax., 11\nde enero de 2020.- Como una burla para las mujeres oaxaque\u00f1a fue calificada la\nreuni\u00f3n que sostuvo el titular de la Fiscal\u00eda General del Estado, Rub\u00e9n\nVasconcelos M\u00e9ndez, con integrantes del Colectivo 50+1, a fin informar las\nacciones realizadas para atender la violencia de g\u00e9nero y feminicida en la\nentidad.<\/p>\n\n\n\n<p>Lo anterior luego de que\ntrascendiera que una de las integrantes de dicha organizaci\u00f3n es la tambi\u00e9n\nfuncionaria del Gobierno de Oaxaca y secretaria de las Mujeres, Ana V\u00e1squez\nColmenares, a quien constantemente han cuestionado su falta de actuar ante la\nemergencia feminicida que se vive actualmente.<\/p>\n\n\n\n<p>Fue el colectivo Feministas\nOaxaca el que hizo evidente esta situaci\u00f3n a trav\u00e9s de sus redes sociales, en\ndonde pidi\u00f3 a las autoridades estatales un alto a las simulaciones y la\nhipocres\u00eda con la que se han conducido hasta el momento, en un tema que sigue\ncobrando la vida de las mujeres.<\/p>\n\n\n\n<p>\u201cUna tremenda burla a todas las mujeres en Oaxaca, el fiscal se re\u00fane con un colectivo y una de sus integrantes es Ana V\u00e1squez Colmenares quien no ha hecho nada, absolutamente nada a favor de las mujeres\u201d, \u00abPar de sinverg\u00fcenzas, deber\u00edan renunciar\u00bb, sentenciaron.<\/p>\n\n\n\n<figure class=\"wp-block-image\"><img decoding=\"async\" width=\"640\" height=\"409\" src=\"http:\/\/www.zonaroja.com.mx\/wp-content\/uploads\/2020\/01\/Image-1-54.png\" alt=\"\" class=\"wp-image-7570\" srcset=\"https:\/\/zonaroja.com.mx\/wp-content\/uploads\/2020\/01\/Image-1-54.png 640w, https:\/\/zonaroja.com.mx\/wp-content\/uploads\/2020\/01\/Image-1-54-300x192.png 300w, https:\/\/zonaroja.com.mx\/wp-content\/uploads\/2020\/01\/Image-1-54-585x374.png 585w\" sizes=\"(max-width: 640px) 100vw, 640px\" \/><\/figure>\n\n\n\n<p>En este sentido, criticaron que\nV\u00e1squez Colmenares sea juez y parte, es decir que exija acciones contundentes a\nlas autoridades estatales en el combate y erradicaci\u00f3n de la violencia de\ng\u00e9nero, cuando es ella la encargada de implementar las pol\u00edticas p\u00fablicas que\npermitan la prevenci\u00f3n, atenci\u00f3n, sanci\u00f3n y erradicaci\u00f3n de las agresiones\nhacia las mujeres como lo mandata la ley.<\/p>\n\n\n\n<p>As\u00ed mismo, criticaron que el\nfiscal Vasconcelos no reciba a las madres de hijas v\u00edctimas de feminicidio y\nque mantenga en la dependencia a personal incompetente, mis\u00f3gino, acosador y\nagresor de mujeres, pero este dispuesto a recibir a grupos que le representan\nuna mayor proyecci\u00f3n a la hora de difundir sus actividades.<\/p>\n\n\n\n<p>\u201cLas mujeres no somos de\nsegunda, pero desde su clasismo rancio de la vallistocracia a la que pertenecen\nRub\u00e9n Vasconcelos y Ana V\u00e1squez lo ven as\u00ed. \u00bfCu\u00e1ndo se han reunido con las\nmadres de las hijas desaparecidas?\u201d, cuestionan las feministas.<\/p>\n\n\n\n<p>Por ello y como en varias\nocasiones anteriores exigieron, la renuncia de quienes aseguran no han hecho\nnada para actuar ante la grave situaci\u00f3n que enfrentan las mujeres en un estado\ny pa\u00eds feminicida.<\/p>\n\n\n\n<p>De igual forma, indicaron\nque mantendr\u00e1n su exigencia de justicia para Mar\u00eda Elena R\u00edos Ortiz, Mar\u00eda del\nSol Cruz Jarqu\u00edn y para todas las mujeres que han sido maltratadas, vejadas,\nasesinadas en territorio oaxaque\u00f1a y que la mayor parte del tiempo son\nminimizadas las cifras por ambas autoridades reunidas para dar a conocer su\nactuaci\u00f3n.&nbsp; <\/p>\n\n\n\n<p>Recientemente, el Colectivo 50+1 se pronunci\u00f3 medi\u00e1ticamente en exigencia al Consejo de la Judicatura Federal (CJF) del Poder Judicial que investigue las caracter\u00edsticas del amparo otorgado al exdiputado local del PRI Juan Antonio Vera Carrizal, el cual le evitar\u00eda ser detenido como presunto autor intelectual del ataque con \u00e1cido contra la saxofonista Mar\u00eda Elena R\u00edos Ortiz.<\/p>\n\n\n\n<figure class=\"wp-block-image\"><img decoding=\"async\" width=\"802\" height=\"1024\" src=\"http:\/\/www.zonaroja.com.mx\/wp-content\/uploads\/2020\/01\/IMG_7107-802x1024.jpg\" alt=\"\" class=\"wp-image-7571\" srcset=\"https:\/\/zonaroja.com.mx\/wp-content\/uploads\/2020\/01\/IMG_7107-802x1024.jpg 802w, https:\/\/zonaroja.com.mx\/wp-content\/uploads\/2020\/01\/IMG_7107-235x300.jpg 235w, https:\/\/zonaroja.com.mx\/wp-content\/uploads\/2020\/01\/IMG_7107-768x980.jpg 768w, https:\/\/zonaroja.com.mx\/wp-content\/uploads\/2020\/01\/IMG_7107-585x747.jpg 585w, https:\/\/zonaroja.com.mx\/wp-content\/uploads\/2020\/01\/IMG_7107.jpg 1003w\" sizes=\"(max-width: 802px) 100vw, 802px\" \/><\/figure>\n","protected":false},"excerpt":{"rendered":"<p>Evlin Arag\u00f3n\/Zona Roja. Oaxaca de Ju\u00e1rez, Oax., 11 de enero de 2020.- Como una burla&hellip;<\/p>\n","protected":false},"author":2,"featured_media":7569,"comment_status":"closed","ping_status":"open","sticky":false,"template":"","format":"standard","meta":{"_lmt_disableupdate":"","_lmt_disable":"","_jetpack_memberships_contains_paid_content":false,"footnotes":""},"categories":[109,47],"tags":[494,669],"class_list":["post-7568","post","type-post","status-publish","format-standard","has-post-thumbnail","hentry","category-minuto-a-minuto","category-zona-gris","tag-fiscalia-general-del-estado-de-oaxaca","tag-secretaria-de-las-mujeres-oaxaquenas"],"jetpack_featured_media_url":"https:\/\/zonaroja.com.mx\/wp-content\/uploads\/2020\/01\/Image-1-55.png","jetpack_sharing_enabled":true,"_links":{"self":[{"href":"https:\/\/zonaroja.com.mx\/index.php?rest_route=\/wp\/v2\/posts\/7568","targetHints":{"allow":["GET"]}}],"collection":[{"href":"https:\/\/zonaroja.com.mx\/index.php?rest_route=\/wp\/v2\/posts"}],"about":[{"href":"https:\/\/zonaroja.com.mx\/index.php?rest_route=\/wp\/v2\/types\/post"}],"author":[{"embeddable":true,"href":"https:\/\/zonaroja.com.mx\/index.php?rest_route=\/wp\/v2\/users\/2"}],"replies":[{"embeddable":true,"href":"https:\/\/zonaroja.com.mx\/index.php?rest_route=%2Fwp%2Fv2%2Fcomments&post=7568"}],"version-history":[{"count":1,"href":"https:\/\/zonaroja.com.mx\/index.php?rest_route=\/wp\/v2\/posts\/7568\/revisions"}],"predecessor-version":[{"id":7572,"href":"https:\/\/zonaroja.com.mx\/index.php?rest_route=\/wp\/v2\/posts\/7568\/revisions\/7572"}],"wp:featuredmedia":[{"embeddable":true,"href":"https:\/\/zonaroja.com.mx\/index.php?rest_route=\/wp\/v2\/media\/7569"}],"wp:attachment":[{"href":"https:\/\/zonaroja.com.mx\/index.php?rest_route=%2Fwp%2Fv2%2Fmedia&parent=7568"}],"wp:term":[{"taxonomy":"category","embeddable":true,"href":"https:\/\/zonaroja.com.mx\/index.php?rest_route=%2Fwp%2Fv2%2Fcategories&post=7568"},{"taxonomy":"post_tag","embeddable":true,"href":"https:\/\/zonaroja.com.mx\/index.php?rest_route=%2Fwp%2Fv2%2Ftags&post=7568"}],"curies":[{"name":"wp","href":"https:\/\/api.w.org\/{rel}","templated":true}]}}