{"id":75682,"date":"2024-12-20T07:49:33","date_gmt":"2024-12-20T13:49:33","guid":{"rendered":"https:\/\/zonaroja.com.mx\/?p=75682"},"modified":"2024-12-20T07:49:36","modified_gmt":"2024-12-20T13:49:36","slug":"en-edomex-cambian-nombre-a-calles-en-honor-a-la-4t-y-vecinos-las-rechazan","status":"publish","type":"post","link":"https:\/\/zonaroja.com.mx\/?p=75682","title":{"rendered":"En Edomex cambian nombre a calles en honor a la 4T y vecinos las rechazan"},"content":{"rendered":"\n<p>Redacci\u00f3n\/Zona Roja Cdmx.<\/p>\n\n\n\n<p>Ciudad de M\u00e9xico, a 20 de diciembre de 2024.- En el municipio de Tultitl\u00e1n, Estado de M\u00e9xico, la decisi\u00f3n del gobierno municipal de cambiar los nombres de las calles y rebautizar colonias en honor a la 4T ha generado una fuerte reacci\u00f3n entre los habitantes.<\/p>\n\n\n\n<p>Lo que antes eran conocidas como las colonias Fimesa II y III, ahora se agrupan bajo el nombre \u2018Cuarta Transformaci\u00f3n\u2019, con calles que llevan denominaciones inspiradas en programas y proyectos relacionados con la actual administraci\u00f3n federal.<\/p>\n\n\n\n<p>Entre los nuevos nombres destacan \u2018Becas Benito Ju\u00e1rez\u2019, \u2018Sembrando Vida\u2019, \u2018Tandas del Bienestar\u2019, \u2018Banco del Bienestar\u2019, \u2018Guardia Nacional\u2019, \u2018Tren Maya\u2019, \u2018Me canso ganso\u2019 y \u2018Revoluci\u00f3n de las Conciencias\u2019.&nbsp;<\/p>\n\n\n\n<p>Incluso, algunas con nombres emblem\u00e1ticos como \u2018Aeropuerto Felipe \u00c1ngeles\u2019 e \u2018IMSS Bienestar\u2019.<\/p>\n\n\n\n<p>No obstante, varias de estas se\u00f1ales presuntamente tienen errores ortogr\u00e1ficos, lo que ha aumentado la molestia de los vecinos.<\/p>\n\n\n\n<p>El cambio no s\u00f3lo afecta la nomenclatura de las calles, sino que tambi\u00e9n implica una actualizaci\u00f3n en documentos oficiales como credenciales de elector, lo que ha causado preocupaci\u00f3n entre los residentes.<\/p>\n\n\n\n<p>Los vecinos tambi\u00e9n aseguraron que no fueron consultados previamente y temen que la falta de aviso complique tr\u00e1mites y servicios b\u00e1sicos.<\/p>\n\n\n\n<p>Pese a las cr\u00edticas, el gobierno municipal ha defendido la iniciativa argumentando que la creaci\u00f3n de la colonia \u201cCuarta Transformaci\u00f3n\u201d busca dar identidad y certeza jur\u00eddica a los habitantes. Seg\u00fan un comunicado oficial, el nuevo nombre refleja un compromiso con los valores de cambio y equidad, adem\u00e1s de promover el bienestar de las comunidades m\u00e1s vulnerables.<\/p>\n\n\n\n<p>Sin embargo, la pol\u00e9mica contin\u00faa, con vecinos organizando protestas y expresando su inconformidad. Para muchos, la decisi\u00f3n representa un cambio arbitrario que afecta su vida cotidiana, mientras que para otros, es un s\u00edmbolo de la alineaci\u00f3n pol\u00edtica del municipio con el proyecto federal.<\/p>\n\n\n\n<p>En la semana epidemiol\u00f3gica n\u00famero 50 de la Secretar\u00eda de Salud federal, se confirmaron 14 nuevos decesos por dengue en el estado de Oaxaca, por lo que ya suman un acumulado de 42 decesos en lo que va del a\u00f1o.<\/p>\n\n\n\n<p>(Informaci\u00f3n del portal \u201cNaci\u00f3n 321\u201d)<\/p>\n","protected":false},"excerpt":{"rendered":"<p>Redacci\u00f3n\/Zona Roja Cdmx. Ciudad de M\u00e9xico, a 20 de diciembre de 2024.- En el municipio&hellip;<\/p>\n","protected":false},"author":2,"featured_media":75683,"comment_status":"closed","ping_status":"open","sticky":false,"template":"","format":"standard","meta":{"_lmt_disableupdate":"","_lmt_disable":"","_jetpack_memberships_contains_paid_content":false,"footnotes":""},"categories":[109,47],"tags":[4138],"class_list":["post-75682","post","type-post","status-publish","format-standard","has-post-thumbnail","hentry","category-minuto-a-minuto","category-zona-gris","tag-tultitlan-edomex"],"jetpack_featured_media_url":"https:\/\/zonaroja.com.mx\/wp-content\/uploads\/2024\/12\/Calles-4T-Tultitlan-Edomex.jpg.avif","jetpack_sharing_enabled":true,"_links":{"self":[{"href":"https:\/\/zonaroja.com.mx\/index.php?rest_route=\/wp\/v2\/posts\/75682","targetHints":{"allow":["GET"]}}],"collection":[{"href":"https:\/\/zonaroja.com.mx\/index.php?rest_route=\/wp\/v2\/posts"}],"about":[{"href":"https:\/\/zonaroja.com.mx\/index.php?rest_route=\/wp\/v2\/types\/post"}],"author":[{"embeddable":true,"href":"https:\/\/zonaroja.com.mx\/index.php?rest_route=\/wp\/v2\/users\/2"}],"replies":[{"embeddable":true,"href":"https:\/\/zonaroja.com.mx\/index.php?rest_route=%2Fwp%2Fv2%2Fcomments&post=75682"}],"version-history":[{"count":1,"href":"https:\/\/zonaroja.com.mx\/index.php?rest_route=\/wp\/v2\/posts\/75682\/revisions"}],"predecessor-version":[{"id":75684,"href":"https:\/\/zonaroja.com.mx\/index.php?rest_route=\/wp\/v2\/posts\/75682\/revisions\/75684"}],"wp:featuredmedia":[{"embeddable":true,"href":"https:\/\/zonaroja.com.mx\/index.php?rest_route=\/wp\/v2\/media\/75683"}],"wp:attachment":[{"href":"https:\/\/zonaroja.com.mx\/index.php?rest_route=%2Fwp%2Fv2%2Fmedia&parent=75682"}],"wp:term":[{"taxonomy":"category","embeddable":true,"href":"https:\/\/zonaroja.com.mx\/index.php?rest_route=%2Fwp%2Fv2%2Fcategories&post=75682"},{"taxonomy":"post_tag","embeddable":true,"href":"https:\/\/zonaroja.com.mx\/index.php?rest_route=%2Fwp%2Fv2%2Ftags&post=75682"}],"curies":[{"name":"wp","href":"https:\/\/api.w.org\/{rel}","templated":true}]}}