{"id":75688,"date":"2024-12-20T10:15:00","date_gmt":"2024-12-20T16:15:00","guid":{"rendered":"https:\/\/zonaroja.com.mx\/?p=75688"},"modified":"2024-12-20T08:34:12","modified_gmt":"2024-12-20T14:34:12","slug":"ni-censura-ni-impunidad-en-caso-de-denuncia-de-una-mujer-martinez-neri","status":"publish","type":"post","link":"https:\/\/zonaroja.com.mx\/?p=75688","title":{"rendered":"Ni censura ni impunidad en caso de denuncia de una mujer: Mart\u00ednez Neri"},"content":{"rendered":"\n<p>Ismael Garc\u00eda M.\/Zona Roja.<\/p>\n\n\n\n<p>Oaxaca de Ju\u00e1rez, Oax., a 20 de diciembre de 2024.- \u201cEl presidente (municipal) siempre ha mostrado respeto profundo a las manifestaciones de las personas y m\u00e1s de una mujer\u201d.<\/p>\n\n\n\n<p>As\u00ed se expres\u00f3 el edil de Oaxaca de Ju\u00e1rez, Francisco Mart\u00ednez Neri, cuestionado acerca de la queja que hay de una joven en contra del regidor por Morena, Ren\u00e9 Ric\u00e1rdez Lim\u00f3n.<\/p>\n\n\n\n<p>En entrevista colectiva al t\u00e9rmino de la sesi\u00f3n ordinaria de ayer, confi\u00f3 en que las instancias legales correspondientes hagan lo que tengan que hacer para resolver el tema.<\/p>\n\n\n\n<p>Y es que el pasado martes, en el teatro \u201cMacedonio Alcal\u00e1\u201d donde rend\u00eda informe, una joven (Alejandra \u201cN\u201d) subi\u00f3 al estrado para denunciar que a un a\u00f1o de su denuncia, no hay sanci\u00f3n en contra del concejal Ric\u00e1rdez Lim\u00f3n.<\/p>\n\n\n\n<p>\u201cC\u00f3mo puede hablar de un gobierno aliado cuando el regidor Ren\u00e9 fue un acosador\u201d, expuso entonces al micr\u00f3fono, que Mart\u00ednez Neri le permiti\u00f3 utilizar.<\/p>\n\n\n\n<p>\u201cYo lo que creo que las cuestiones que se plantean en t\u00e9rminos jur\u00eddicos puedan seguir esas misma v\u00eda, en que las autoridades tengan que resolver, si no, se genera una especie de incertidumbre y eso no es bueno\u201d, dijo el edil.<\/p>\n\n\n\n<p>-Lo se\u00f1alaron como mis\u00f3gino por intentar parar la protesta de esta joven.<\/p>\n\n\n\n<p>-En absoluto, yo le di la oportunidad del micr\u00f3fono; habl\u00f3. En absoluto le dijimos no hable.<\/p>\n\n\n\n<p>\u201cAl contrario, mencion\u00e9 que siempre he sido mi conducta escuchar a las personas\u201d.<\/p>\n\n\n\n<p>-Pero se silenci\u00f3 el micr\u00f3fono.<\/p>\n\n\n\n<p>-Algunas veces ocurren cosas que no est\u00e1 en mis manos ni es voluntad personal.<\/p>\n\n\n\n<p>\u201cNo es responsabilidad del presidente, es de otros; el presidente siempre ha mostrado respeto profundo a las manifestaciones de las personas y m\u00e1s de una mujer\u201d.<\/p>\n\n\n\n<p>Por otro lado, habl\u00f3 del proceso de entrega-recepci\u00f3n con el ayuntamiento entrante, que encabezar\u00e1 Raymundo Chagoya, y dijo que va en buenos t\u00e9rminos.<\/p>\n\n\n\n<p>Va bien, lo que ahora se est\u00e1 haciendo no se vio en otra \u00e9poca, hubi\u00e9ramos querido tener una comisi\u00f3n como se tuvo ahora, para ir viendo los avances; no se tuvo y creo que hay un marcado contraste en las formas que se han venido manejando las cosas .<\/p>\n\n\n\n<p>Acerca del caso del ambulantaje, a\u00f1adi\u00f3 que se dejar\u00e1 un mapa georeferenciado, donde se identifique perfectamente d\u00f3nde quedan las personas vendedoras informales.<\/p>\n\n\n\n<figure class=\"wp-block-embed is-type-rich is-provider-twitter wp-block-embed-twitter\"><div class=\"wp-block-embed__wrapper\">\n<div class=\"twitter-tweet\"><blockquote class=\"twitter-tweet\" data-lang=\"es\"><p lang=\"es\" dir=\"ltr\">Sobre el caso del regidor por Morena, Ren\u00e9 Ric\u00e1rdez Lim\u00f3n, acusado por una joven de acoso sexual, el presidente municipal de Oaxaca de Ju\u00e1rez, <a href=\"https:\/\/twitter.com\/FMartinezNeri?ref_src=twsrc%5Etfw\">@FMartinezNeri<\/a>, reiter\u00f3 su respeto a los derechos de las mujeres e insisti\u00f3 en que ser\u00e1n las instancias jur\u00eddicas correspondientes las\u2026 <a href=\"https:\/\/t.co\/yZxPHhOrox\">pic.twitter.com\/yZxPHhOrox<\/a><\/p>&mdash; Zona Roja Oaxaca (@ZonaRoja_Oaxaca) <a href=\"https:\/\/twitter.com\/ZonaRoja_Oaxaca\/status\/1869944031808999878?ref_src=twsrc%5Etfw\">20 de diciembre de 2024<\/a><\/blockquote><\/div>\n<\/div><\/figure>\n","protected":false},"excerpt":{"rendered":"<p>Ismael Garc\u00eda M.\/Zona Roja. Oaxaca de Ju\u00e1rez, Oax., a 20 de diciembre de 2024.- \u201cEl&hellip;<\/p>\n","protected":false},"author":2,"featured_media":75689,"comment_status":"closed","ping_status":"open","sticky":false,"template":"","format":"standard","meta":{"_lmt_disableupdate":"","_lmt_disable":"","_jetpack_memberships_contains_paid_content":false,"footnotes":""},"categories":[109,46],"tags":[2418],"class_list":["post-75688","post","type-post","status-publish","format-standard","has-post-thumbnail","hentry","category-minuto-a-minuto","category-zona-blanca","tag-francisco-martinez-neri"],"jetpack_featured_media_url":"https:\/\/zonaroja.com.mx\/wp-content\/uploads\/2024\/12\/Francisco-Martinez-neri.jpg","jetpack_sharing_enabled":true,"_links":{"self":[{"href":"https:\/\/zonaroja.com.mx\/index.php?rest_route=\/wp\/v2\/posts\/75688","targetHints":{"allow":["GET"]}}],"collection":[{"href":"https:\/\/zonaroja.com.mx\/index.php?rest_route=\/wp\/v2\/posts"}],"about":[{"href":"https:\/\/zonaroja.com.mx\/index.php?rest_route=\/wp\/v2\/types\/post"}],"author":[{"embeddable":true,"href":"https:\/\/zonaroja.com.mx\/index.php?rest_route=\/wp\/v2\/users\/2"}],"replies":[{"embeddable":true,"href":"https:\/\/zonaroja.com.mx\/index.php?rest_route=%2Fwp%2Fv2%2Fcomments&post=75688"}],"version-history":[{"count":1,"href":"https:\/\/zonaroja.com.mx\/index.php?rest_route=\/wp\/v2\/posts\/75688\/revisions"}],"predecessor-version":[{"id":75690,"href":"https:\/\/zonaroja.com.mx\/index.php?rest_route=\/wp\/v2\/posts\/75688\/revisions\/75690"}],"wp:featuredmedia":[{"embeddable":true,"href":"https:\/\/zonaroja.com.mx\/index.php?rest_route=\/wp\/v2\/media\/75689"}],"wp:attachment":[{"href":"https:\/\/zonaroja.com.mx\/index.php?rest_route=%2Fwp%2Fv2%2Fmedia&parent=75688"}],"wp:term":[{"taxonomy":"category","embeddable":true,"href":"https:\/\/zonaroja.com.mx\/index.php?rest_route=%2Fwp%2Fv2%2Fcategories&post=75688"},{"taxonomy":"post_tag","embeddable":true,"href":"https:\/\/zonaroja.com.mx\/index.php?rest_route=%2Fwp%2Fv2%2Ftags&post=75688"}],"curies":[{"name":"wp","href":"https:\/\/api.w.org\/{rel}","templated":true}]}}