{"id":75691,"date":"2024-12-20T10:36:00","date_gmt":"2024-12-20T16:36:00","guid":{"rendered":"https:\/\/zonaroja.com.mx\/?p=75691"},"modified":"2024-12-20T08:41:08","modified_gmt":"2024-12-20T14:41:08","slug":"asesinan-a-sobrino-del-senor-de-los-cielos-en-culiacan","status":"publish","type":"post","link":"https:\/\/zonaroja.com.mx\/?p=75691","title":{"rendered":"Asesinan a sobrino del \u2018Se\u00f1or de los Cielos\u2019 en Culiac\u00e1n"},"content":{"rendered":"\n<p>Redacci\u00f3n\/Zona Roja Cdmx.<\/p>\n\n\n\n<p>Ciudad de M\u00e9xico, a 20 de diciembre de 2024.- Jos\u00e9 Cruz Carrillo Jacobo, hijo de Jos\u00e9 Cruz Carrillo Fuentes y supuesto sobrino de Amado Carrillo Fuentes, mejor conocido como \u2018El Se\u00f1or de los Cielos\u2019, fue asesinado en Sinaloa este jueves 19 de diciembre.<\/p>\n\n\n\n<p>Los reportes indican que fue localizado cerca de la intersecci\u00f3n entre la carretera Culiac\u00e1n-Eldorado a El Quemadito, en la localidad de Costa Rica.<\/p>\n\n\n\n<p>De acuerdo con los reportes, el sobrino del \u2018Se\u00f1or de los Cielos\u2019 presentaba heridas de bala y fue localizado al costado de unas bodegas.<\/p>\n\n\n\n<p>El semanario R\u00edodoce explic\u00f3 que el hombre ten\u00eda balazos en extremidades, cabeza y cuerpo. Cabe destacar que ten\u00eda 24 a\u00f1os de edad y viv\u00eda en el municipio Navolato.<\/p>\n\n\n\n<p>Al momento se desconoce si formaba parte de alg\u00fan c\u00e1rtel o de alguna de las facciones del C\u00e1rtel de Sinaloa, que desde hace m\u00e1s de tres meses est\u00e1n en guerra, protagonizada por \u2018Los Chapitos\u2019, hijos de Joaqu\u00edn \u2018El Chapo\u2019 Guzm\u00e1n, y \u2018La Mayiza\u2019, facci\u00f3n perteneciente a Ismael \u2018El Mayo\u2019 Zambada.<\/p>\n\n\n\n<p>Adem\u00e1s del asesinato del sobrino del \u2018Se\u00f1or de los Cielos\u2019 en Sinaloa, el mi\u00e9rcoles 18 de diciembre se report\u00f3 el asesinato de un agente de Omar Garc\u00eda Harfuch, tituar de la Secretar\u00eda de Seguridad y Protecci\u00f3n Ciudadana, a manos de un hijo de otro narco importante a inicios del siglo XXI.<\/p>\n\n\n\n<p>Hablamos de Jes\u00fas Alfredo Beltr\u00e1n, conocido como \u2018El Mochomito\u2019 e hijo de Alfredo Beltr\u00e1n Leyva \u2018El Mochomo\u2019.<\/p>\n\n\n\n<p>Alfredo Beltr\u00e1n Leyva fue uno de los hermanos Beltr\u00e1n Leyva que lider\u00f3 una de las organizaciones criminales m\u00e1s violentas e importantes en los a\u00f1os 2000. Estuvo casado con la prima de Joaqu\u00edn \u2018El Chapo\u2019 Guzm\u00e1n, y mantuvo lazos importantes con el C\u00e1rtel de Sinaloa hasta que comenzaron a enfrentarse entre ambos bandos.<\/p>\n\n\n\n<p>\u2018El Mochomo\u2019 fue detenido en 2008, supuestamente luego de que \u2018El Chapo\u2019 lo entregara para que liberaran a su hijo, Iv\u00e1n Archivaldo, lo que desat\u00f3 una guerra entre ambas organizaciones criminales.<\/p>\n\n\n\n<p>Actualmente, \u2018El Mochomito\u2019 ser\u00eda el presunto l\u00edder de \u2018Los Mochomitos\u2019 o \u2018Los Linces\u2019, que actualmente apoyan a \u2018Los Chapitos\u2019 en la guerra contra Ismael Zambada Sicairos, mejor conocido como \u2018El Mayito Flaco\u2019.<\/p>\n\n\n\n<p>(Con informaci\u00f3n de R\u00edodoce, en \u201cEl Financiero\u201d)<\/p>\n","protected":false},"excerpt":{"rendered":"<p>Redacci\u00f3n\/Zona Roja Cdmx. Ciudad de M\u00e9xico, a 20 de diciembre de 2024.- Jos\u00e9 Cruz Carrillo&hellip;<\/p>\n","protected":false},"author":2,"featured_media":75692,"comment_status":"closed","ping_status":"open","sticky":false,"template":"","format":"standard","meta":{"_lmt_disableupdate":"","_lmt_disable":"","_jetpack_memberships_contains_paid_content":false,"footnotes":""},"categories":[109,47],"tags":[4139],"class_list":["post-75691","post","type-post","status-publish","format-standard","has-post-thumbnail","hentry","category-minuto-a-minuto","category-zona-gris","tag-amado-carrillo-fuentes"],"jetpack_featured_media_url":"https:\/\/zonaroja.com.mx\/wp-content\/uploads\/2024\/12\/policia-estatal-sinaloa-violencia.jpg.webp","jetpack_sharing_enabled":true,"_links":{"self":[{"href":"https:\/\/zonaroja.com.mx\/index.php?rest_route=\/wp\/v2\/posts\/75691","targetHints":{"allow":["GET"]}}],"collection":[{"href":"https:\/\/zonaroja.com.mx\/index.php?rest_route=\/wp\/v2\/posts"}],"about":[{"href":"https:\/\/zonaroja.com.mx\/index.php?rest_route=\/wp\/v2\/types\/post"}],"author":[{"embeddable":true,"href":"https:\/\/zonaroja.com.mx\/index.php?rest_route=\/wp\/v2\/users\/2"}],"replies":[{"embeddable":true,"href":"https:\/\/zonaroja.com.mx\/index.php?rest_route=%2Fwp%2Fv2%2Fcomments&post=75691"}],"version-history":[{"count":1,"href":"https:\/\/zonaroja.com.mx\/index.php?rest_route=\/wp\/v2\/posts\/75691\/revisions"}],"predecessor-version":[{"id":75693,"href":"https:\/\/zonaroja.com.mx\/index.php?rest_route=\/wp\/v2\/posts\/75691\/revisions\/75693"}],"wp:featuredmedia":[{"embeddable":true,"href":"https:\/\/zonaroja.com.mx\/index.php?rest_route=\/wp\/v2\/media\/75692"}],"wp:attachment":[{"href":"https:\/\/zonaroja.com.mx\/index.php?rest_route=%2Fwp%2Fv2%2Fmedia&parent=75691"}],"wp:term":[{"taxonomy":"category","embeddable":true,"href":"https:\/\/zonaroja.com.mx\/index.php?rest_route=%2Fwp%2Fv2%2Fcategories&post=75691"},{"taxonomy":"post_tag","embeddable":true,"href":"https:\/\/zonaroja.com.mx\/index.php?rest_route=%2Fwp%2Fv2%2Ftags&post=75691"}],"curies":[{"name":"wp","href":"https:\/\/api.w.org\/{rel}","templated":true}]}}