{"id":75696,"date":"2024-12-20T18:48:14","date_gmt":"2024-12-21T00:48:14","guid":{"rendered":"https:\/\/zonaroja.com.mx\/?p=75696"},"modified":"2024-12-20T18:48:16","modified_gmt":"2024-12-21T00:48:16","slug":"ejecutan-a-dos-personas-en-matias-romero-oaxaca","status":"publish","type":"post","link":"https:\/\/zonaroja.com.mx\/?p=75696","title":{"rendered":"Ejecutan a dos personas en Mat\u00edas Romero, Oaxaca"},"content":{"rendered":"\n<p>Ismael Garc\u00eda M.\/Zona Roja.<\/p>\n\n\n\n<p>Oaxaca de Ju\u00e1rez, Oax., a 20 de diciembre de 2024.- Las ejecuciones regresaron a la zona norte del Istmo de Tehuantepec.<\/p>\n\n\n\n<p>Este viernes, dos personas del sexo masculino fueron ultimadas por disparos de arma de fuego.<\/p>\n\n\n\n<p>Los cuerpos fueron localizado en la calle Primero de Mayo de la colonia Barrio Nuevo, junto a una motocicleta.<\/p>\n\n\n\n<p>Presuntamente fueron al menos dos sujetos armados, a bordo de una motocicleta, quienes interceptaron a las v\u00edctimas y les dispararon de manera directa.<\/p>\n\n\n\n<p>De manera preliminar, se ha dado a conocer su identidad bajo el los alias de \u201cEl Diablito\u201d y \u201cEl Pel\u00f3n\u201d, aunque a\u00fan se desconoce si son habitantes del municipio de Mat\u00edas Romero Avenda\u00f1o o de otra comunidad.<\/p>\n\n\n\n<p>Personal de la Vicefiscal\u00eda Regional del Istmo arrib\u00f3 a la zona, para iniciar las indagatorias correspondientes y dar con el paradero del o de los responsables del doble homicidio.<\/p>\n","protected":false},"excerpt":{"rendered":"<p>Ismael Garc\u00eda M.\/Zona Roja. Oaxaca de Ju\u00e1rez, Oax., a 20 de diciembre de 2024.- Las&hellip;<\/p>\n","protected":false},"author":2,"featured_media":69717,"comment_status":"closed","ping_status":"open","sticky":false,"template":"","format":"standard","meta":{"_lmt_disableupdate":"","_lmt_disable":"","_jetpack_memberships_contains_paid_content":false,"footnotes":""},"categories":[109,51],"tags":[228],"class_list":["post-75696","post","type-post","status-publish","format-standard","has-post-thumbnail","hentry","category-minuto-a-minuto","category-zona-roja","tag-matias-romero-avendano"],"jetpack_featured_media_url":"https:\/\/zonaroja.com.mx\/wp-content\/uploads\/2024\/06\/Escena-del-crimen-asesinato.jpeg","jetpack_sharing_enabled":true,"_links":{"self":[{"href":"https:\/\/zonaroja.com.mx\/index.php?rest_route=\/wp\/v2\/posts\/75696","targetHints":{"allow":["GET"]}}],"collection":[{"href":"https:\/\/zonaroja.com.mx\/index.php?rest_route=\/wp\/v2\/posts"}],"about":[{"href":"https:\/\/zonaroja.com.mx\/index.php?rest_route=\/wp\/v2\/types\/post"}],"author":[{"embeddable":true,"href":"https:\/\/zonaroja.com.mx\/index.php?rest_route=\/wp\/v2\/users\/2"}],"replies":[{"embeddable":true,"href":"https:\/\/zonaroja.com.mx\/index.php?rest_route=%2Fwp%2Fv2%2Fcomments&post=75696"}],"version-history":[{"count":1,"href":"https:\/\/zonaroja.com.mx\/index.php?rest_route=\/wp\/v2\/posts\/75696\/revisions"}],"predecessor-version":[{"id":75697,"href":"https:\/\/zonaroja.com.mx\/index.php?rest_route=\/wp\/v2\/posts\/75696\/revisions\/75697"}],"wp:featuredmedia":[{"embeddable":true,"href":"https:\/\/zonaroja.com.mx\/index.php?rest_route=\/wp\/v2\/media\/69717"}],"wp:attachment":[{"href":"https:\/\/zonaroja.com.mx\/index.php?rest_route=%2Fwp%2Fv2%2Fmedia&parent=75696"}],"wp:term":[{"taxonomy":"category","embeddable":true,"href":"https:\/\/zonaroja.com.mx\/index.php?rest_route=%2Fwp%2Fv2%2Fcategories&post=75696"},{"taxonomy":"post_tag","embeddable":true,"href":"https:\/\/zonaroja.com.mx\/index.php?rest_route=%2Fwp%2Fv2%2Ftags&post=75696"}],"curies":[{"name":"wp","href":"https:\/\/api.w.org\/{rel}","templated":true}]}}