{"id":75698,"date":"2024-12-20T18:50:14","date_gmt":"2024-12-21T00:50:14","guid":{"rendered":"https:\/\/zonaroja.com.mx\/?p=75698"},"modified":"2024-12-20T18:50:17","modified_gmt":"2024-12-21T00:50:17","slug":"cuatro-dias-despues-comenzaran-reparar-via-oaxaca-tuxtepec","status":"publish","type":"post","link":"https:\/\/zonaroja.com.mx\/?p=75698","title":{"rendered":"Cuatro d\u00edas despu\u00e9s, comenzar\u00e1n reparar v\u00eda Oaxaca-Tuxtepec"},"content":{"rendered":"\n<p>Redacci\u00f3n\/Zona Roja.&nbsp;<\/p>\n\n\n\n<p>Oaxaca de Ju\u00e1rez, Oax. 20 de diciembre de 2024.- Personal de la Coordinaci\u00f3n Estatal de Protecci\u00f3n Civil y Gesti\u00f3n de Riesgos llev\u00f3 a cabo un recorrido de inspecci\u00f3n para determinar el funcionamiento de la carretera federal 175, en el tramo 164+300, que conduce de Oaxaca a Tuxtepec, debido a que en d\u00edas pasados present\u00f3 agrietamientos, hundimientos y deslizamiento de taludes.<\/p>\n\n\n\n<p>En presencia del titular de la Secretar\u00eda de Comunicaciones y Transportes (SICT), Jos\u00e9 Luis Chida Pardo, y del director general de Caminos Bienestar (Cabien), Mois\u00e9s Salazar Mart\u00ednez, se determin\u00f3 que no es una falla geol\u00f3gica, sino un asentamiento de la tierra, ocasionado por las constantes lluvias de la temporada pasada.<\/p>\n\n\n\n<p>Asimismo, ante los 26 presidentes municipales que integran la Uni\u00f3n Liberal de Ayuntamientos del Distrito de Ixtl\u00e1n (ULADI), se determin\u00f3 que a trav\u00e9s de la empresa TGC Geotecnia S.A. de C.V., contratada por el gobierno federal, se llevar\u00e1n a cabo, de manera inmediata, los trabajos de relleno del \u00e1rea hundida y la rehabilitaci\u00f3n de esta v\u00eda.<\/p>\n\n\n\n<p>En este sentido, se prev\u00e9 que en aproximadamente 48 horas quede abierto el paso a la circulaci\u00f3n vehicular, sin embargo, se mantendr\u00e1n ciertas restricciones de tonelaje al transporte de carga pesada que circule en la zona afectada.<\/p>\n\n\n\n<p>El titular de Protecci\u00f3n Civil, Manuel Maza S\u00e1nchez inform\u00f3 que por el momento se han habilitado algunas rutas alternas y se eval\u00faan algunas \u00e1reas donde actualmente circulan los veh\u00edculos, como el camino artesanal que conduce de la comunidad de San Juan Chicomez\u00fachil a Santa Catarina Lachatao, en los kil\u00f3metros 161+000 y 175+200 de la Sierra de Ju\u00e1rez, ya que cuenta con una pendiente peligrosa.<\/p>\n\n\n\n<p>Se exhorta a las y los automovilistas a extremar precauciones al conducir por la zona, reducir los l\u00edmites de velocidad, as\u00ed como, respetar las indicaciones que emite personal de la Polic\u00eda Vial y Estatal, Guardia Nacional (GN), y de esta Coordinaci\u00f3n de Protecci\u00f3n Civil.&nbsp;<\/p>\n","protected":false},"excerpt":{"rendered":"<p>Redacci\u00f3n\/Zona Roja.&nbsp; Oaxaca de Ju\u00e1rez, Oax. 20 de diciembre de 2024.- Personal de la Coordinaci\u00f3n&hellip;<\/p>\n","protected":false},"author":2,"featured_media":75699,"comment_status":"closed","ping_status":"open","sticky":false,"template":"","format":"standard","meta":{"_lmt_disableupdate":"","_lmt_disable":"","_jetpack_memberships_contains_paid_content":false,"footnotes":""},"categories":[109,47],"tags":[],"class_list":["post-75698","post","type-post","status-publish","format-standard","has-post-thumbnail","hentry","category-minuto-a-minuto","category-zona-gris"],"jetpack_featured_media_url":"https:\/\/zonaroja.com.mx\/wp-content\/uploads\/2024\/12\/Inspeccionan-tramo-carretero-Oaxaca-Tuxtepec-por-agrietamientos-y-hundimiento-registrados-3.jpeg","jetpack_sharing_enabled":true,"_links":{"self":[{"href":"https:\/\/zonaroja.com.mx\/index.php?rest_route=\/wp\/v2\/posts\/75698","targetHints":{"allow":["GET"]}}],"collection":[{"href":"https:\/\/zonaroja.com.mx\/index.php?rest_route=\/wp\/v2\/posts"}],"about":[{"href":"https:\/\/zonaroja.com.mx\/index.php?rest_route=\/wp\/v2\/types\/post"}],"author":[{"embeddable":true,"href":"https:\/\/zonaroja.com.mx\/index.php?rest_route=\/wp\/v2\/users\/2"}],"replies":[{"embeddable":true,"href":"https:\/\/zonaroja.com.mx\/index.php?rest_route=%2Fwp%2Fv2%2Fcomments&post=75698"}],"version-history":[{"count":1,"href":"https:\/\/zonaroja.com.mx\/index.php?rest_route=\/wp\/v2\/posts\/75698\/revisions"}],"predecessor-version":[{"id":75700,"href":"https:\/\/zonaroja.com.mx\/index.php?rest_route=\/wp\/v2\/posts\/75698\/revisions\/75700"}],"wp:featuredmedia":[{"embeddable":true,"href":"https:\/\/zonaroja.com.mx\/index.php?rest_route=\/wp\/v2\/media\/75699"}],"wp:attachment":[{"href":"https:\/\/zonaroja.com.mx\/index.php?rest_route=%2Fwp%2Fv2%2Fmedia&parent=75698"}],"wp:term":[{"taxonomy":"category","embeddable":true,"href":"https:\/\/zonaroja.com.mx\/index.php?rest_route=%2Fwp%2Fv2%2Fcategories&post=75698"},{"taxonomy":"post_tag","embeddable":true,"href":"https:\/\/zonaroja.com.mx\/index.php?rest_route=%2Fwp%2Fv2%2Ftags&post=75698"}],"curies":[{"name":"wp","href":"https:\/\/api.w.org\/{rel}","templated":true}]}}