{"id":75708,"date":"2024-12-21T11:00:00","date_gmt":"2024-12-21T17:00:00","guid":{"rendered":"https:\/\/zonaroja.com.mx\/?p=75708"},"modified":"2024-12-21T07:36:09","modified_gmt":"2024-12-21T13:36:09","slug":"llega-al-senado-caso-de-apropiacion-ilegal-del-mezcal-mixes","status":"publish","type":"post","link":"https:\/\/zonaroja.com.mx\/?p=75708","title":{"rendered":"Llega al Senado caso de apropiaci\u00f3n ilegal del mezcal \u201cMixes\u201d"},"content":{"rendered":"\n<p>Raymundo Morales\/Zona Roja Cdmx.<\/p>\n\n\n\n<p>Ciudad de M\u00e9xico, a 21 de diciembre de 2024.- El Senado de la Rep\u00fablica pidi\u00f3 al Instituto Nacional del Derecho de Autor (Indautor) implementar las acciones correspondientes de protecci\u00f3n jur\u00eddica y administrativa del patrimonio cultural del pueblo Mixe, ante la posible apropiaci\u00f3n indebida del mezcal \u00abMixes\u00bb que originalmente promovi\u00f3 Paola Rojas como suyo.<\/p>\n\n\n\n<p>En el punto de acuerdo aprobado por el pleno, tambi\u00e9n se solicita a Instituto Nacional de los Pueblos Ind\u00edgenas (INPI) realizar las acciones necesarias para solicitar al Instituto Mexicano de la Propiedad Intelectual un informe sobre las condiciones bajo las cuales se concedi\u00f3 el registro para el uso de la marca de mezcal \u201cMixes\u201d.<\/p>\n\n\n\n<p>En el punto de acuerdo presentado por el senador Antonino Morales Toledo en octubre pasado y turnado a la Comisi\u00f3n de Cultura, se se\u00f1ala que la comercializaci\u00f3n del producto \u00abMixes\u00bb implica una violaci\u00f3n al derecho de los pueblos ind\u00edgenas a mantener, proteger y desarrollar su patrimonio intelectual colectivo, sus conocimientos tradicionales y sus expresiones culturales.<\/p>\n\n\n\n<p>\u201cDicho producto, al comercializarse sin autorizaci\u00f3n con el nombre \u00abMixes\u00bb lucrar y atenta contra la cultura, tradiciones y la diversidad \u00e9tnica y ling\u00fc\u00edstica de M\u00e9xico\u201d, porque no se consult\u00f3 a los pueblos originarios de esa comunidad, seg\u00fan lo manifestado por sus representantes.<\/p>\n\n\n\n<p>En ese sentido, la Comisi\u00f3n dio la raz\u00f3n al legislador oaxaque\u00f1o al argumentar que aunque Paola Rojas asegur\u00f3 que no tiene relaci\u00f3n comercial y la empresaria de Agroindustrias Mayahuel, Martha Patricia Campos Orozco, dijo ser\u00e1 la propietaria de la marca, \u201csomos de la opini\u00f3n de que debe prevalecer el derecho del pueblo a ser consultado sobre la utilizaci\u00f3n de su patrimonio cultural\u201d.<\/p>\n\n\n\n<p>\u201cEl mezcal \u2018Mixes by Pao&#8217;, promovido por Paola Rojas a trav\u00e9s de su sitio web es un claro ejemplo de la apropiaci\u00f3n de una identidad colectiva y cultural, reduci\u00e9ndola a un mero recurso mercadol\u00f3gico, que trivializa los valores de la comunidad, explot\u00e1ndolos para dotar de una apariencia de autenticidad a su producto\u201d.<\/p>\n\n\n\n<p>Por ello, el Senado de la Rep\u00fablica exhorta al Indautor a implementar las acciones correspondientes de protecci\u00f3n jur\u00eddica y administrativa del patrimonio cultural del pueblo Mixe ante la posible apropiaci\u00f3n indebida del mezcal \u00abMixes\u00bb.<\/p>\n\n\n\n<p>Solicita al Instituto Nacional de los Pueblos Ind\u00edgenas realizar las acciones necesarias para solicitar al Instituto Mexicano de la Propiedad Intelectual (IMPI) un informe sobre las condiciones bajo las cuales se concedi\u00f3 el registro para el uso de la marca de mezcal \u201cMixes\u201d.<\/p>\n\n\n\n<p>El Senado de la Rep\u00fablica exhorta respetuosamente al Instituto Nacional de los Pueblos Ind\u00edgenas a realizar las acciones necesarias para solicitar al IMPI un informe sobre las condiciones bajo las cuales se concedi\u00f3 el registro para el uso de la marca de mezcal \u201cMixes\u201d.<\/p>\n\n\n\n<p>Tambi\u00e9n llama a la Secretar\u00eda de Cultura, a trav\u00e9s del Indautor, a fortalecer la protecci\u00f3n de las expresiones culturales tradicionales de los pueblos y comunidades ind\u00edgenas y afromexicanos.<\/p>\n\n\n\n<p>De igual forma, el Senado de la Rep\u00fablica pide a la Secretar\u00eda de Cultura que, en coordinaci\u00f3n con la Secretar\u00eda de Relaciones Exteriores, fortalezca la estrategia de defensa y protecci\u00f3n del patrimonio cultural de los pueblos y comunidades ind\u00edgenas y afromexicanos para evitar el plagio de sus elementos de identidad por parte de empresas nacionales y trasnacionales.<\/p>\n","protected":false},"excerpt":{"rendered":"<p>Raymundo Morales\/Zona Roja Cdmx. Ciudad de M\u00e9xico, a 21 de diciembre de 2024.- El Senado&hellip;<\/p>\n","protected":false},"author":2,"featured_media":73891,"comment_status":"closed","ping_status":"open","sticky":false,"template":"","format":"standard","meta":{"_lmt_disableupdate":"","_lmt_disable":"","_jetpack_memberships_contains_paid_content":false,"footnotes":""},"categories":[109,47],"tags":[180],"class_list":["post-75708","post","type-post","status-publish","format-standard","has-post-thumbnail","hentry","category-minuto-a-minuto","category-zona-gris","tag-antonino-morales-toledo"],"jetpack_featured_media_url":"https:\/\/zonaroja.com.mx\/wp-content\/uploads\/2024\/10\/Antonino-Morales.jpg","jetpack_sharing_enabled":true,"_links":{"self":[{"href":"https:\/\/zonaroja.com.mx\/index.php?rest_route=\/wp\/v2\/posts\/75708","targetHints":{"allow":["GET"]}}],"collection":[{"href":"https:\/\/zonaroja.com.mx\/index.php?rest_route=\/wp\/v2\/posts"}],"about":[{"href":"https:\/\/zonaroja.com.mx\/index.php?rest_route=\/wp\/v2\/types\/post"}],"author":[{"embeddable":true,"href":"https:\/\/zonaroja.com.mx\/index.php?rest_route=\/wp\/v2\/users\/2"}],"replies":[{"embeddable":true,"href":"https:\/\/zonaroja.com.mx\/index.php?rest_route=%2Fwp%2Fv2%2Fcomments&post=75708"}],"version-history":[{"count":1,"href":"https:\/\/zonaroja.com.mx\/index.php?rest_route=\/wp\/v2\/posts\/75708\/revisions"}],"predecessor-version":[{"id":75709,"href":"https:\/\/zonaroja.com.mx\/index.php?rest_route=\/wp\/v2\/posts\/75708\/revisions\/75709"}],"wp:featuredmedia":[{"embeddable":true,"href":"https:\/\/zonaroja.com.mx\/index.php?rest_route=\/wp\/v2\/media\/73891"}],"wp:attachment":[{"href":"https:\/\/zonaroja.com.mx\/index.php?rest_route=%2Fwp%2Fv2%2Fmedia&parent=75708"}],"wp:term":[{"taxonomy":"category","embeddable":true,"href":"https:\/\/zonaroja.com.mx\/index.php?rest_route=%2Fwp%2Fv2%2Fcategories&post=75708"},{"taxonomy":"post_tag","embeddable":true,"href":"https:\/\/zonaroja.com.mx\/index.php?rest_route=%2Fwp%2Fv2%2Ftags&post=75708"}],"curies":[{"name":"wp","href":"https:\/\/api.w.org\/{rel}","templated":true}]}}