{"id":75710,"date":"2024-12-21T12:04:00","date_gmt":"2024-12-21T18:04:00","guid":{"rendered":"https:\/\/zonaroja.com.mx\/?p=75710"},"modified":"2024-12-21T07:36:44","modified_gmt":"2024-12-21T13:36:44","slug":"con-joe-biden-record-en-deportacion-de-migrantes","status":"publish","type":"post","link":"https:\/\/zonaroja.com.mx\/?p=75710","title":{"rendered":"Con Joe Biden, r\u00e9cord en deportaci\u00f3n de migrantes"},"content":{"rendered":"\n<p>Redacci\u00f3n\/Zona Roja Cdmx.<\/p>\n\n\n\n<p>Ciudad de M\u00e9xico, a 20 de diciembre de 2024.- El Servicio de Inmigraci\u00f3n y Control de Aduanas de Estados Unidos (ICE, por sus siglas en ingl\u00e9s) deport\u00f3 a 271 mil 484 inmigrantes a casi 200 pa\u00edses entre el 1 de octubre de 2023 y el 30 de septiembre de 2024, seg\u00fan un informe anual publicado este jueves.&nbsp;<\/p>\n\n\n\n<p>Este n\u00famero representa el pico m\u00e1s alto en deportaciones de la \u00faltima d\u00e9cada, y refleja los esfuerzos del gobierno de Joe Biden por controlar los cruces ilegales en la frontera sur.<\/p>\n\n\n\n<p>La mayor\u00eda de las personas deportadas hab\u00edan ingresado al pa\u00eds de forma irregular, muchas de ellas huyendo de reg\u00edmenes autoritarios, pobreza extrema y colapsos econ\u00f3micos en el hemisferio occidental tras la pandemia de COVID-19. Los principales destinos de deportaci\u00f3n incluyeron M\u00e9xico, Guatemala, Honduras y El Salvador, pa\u00edses que han mostrado cooperaci\u00f3n con las operaciones de repatriaci\u00f3n lideradas por ICE.<\/p>\n\n\n\n<p>El informe llega en un momento clave, pocos d\u00edas antes de que el presidente electo Donald Trump asuma el cargo el pr\u00f3ximo 20 de enero. Trump ha prometido lanzar la mayor campa\u00f1a de deportaciones en la historia de Estados Unidos, aunque no ha ofrecido detalles espec\u00edficos sobre c\u00f3mo llevar\u00e1 a cabo esta promesa, seg\u00fan inform\u00f3 The Washington Post.<\/p>\n\n\n\n<p>Al asumir la presidencia en 2021, Joe Biden propuso una pausa en las deportaciones y plante\u00f3 un proyecto de ley para crear caminos hacia la ciudadan\u00eda para los 11 millones de inmigrantes indocumentados que viven en Estados Unidos. Sin embargo, el aumento en los cruces fronterizos durante su mandato obstaculiz\u00f3 estas iniciativas, llevando a su administraci\u00f3n a implementar medidas m\u00e1s restrictivas.<\/p>\n\n\n\n<p>Entre las nuevas pol\u00edticas adoptadas el pasado verano, Biden estableci\u00f3 normas que limitaban dr\u00e1sticamente las solicitudes de asilo, lo que contribuy\u00f3 a una reducci\u00f3n significativa de los cruces ilegales en la frontera sur. En contraste con el primer mandato de Trump, cuando las deportaciones alcanzaron las 267 mil 260 en 2019, la administraci\u00f3n de Biden ha priorizado la remoci\u00f3n de inmigrantes que cruzaron recientemente o que representan una amenaza a la seguridad nacional o p\u00fablica, de acuerdo con datos del ICE.<\/p>\n\n\n\n<p>El jefe de ICE, Patrick J. Lechleitner, declar\u00f3 al Washington Post que, a pesar de la falta de recursos financieros, su agencia mantiene un alto est\u00e1ndar de operaciones. \u201cNuestra fuerza laboral es adaptable, resistente y \u00e1gil, y est\u00e1 aqu\u00ed para investigar cr\u00edmenes y hacer cumplir las leyes que establece el Congreso\u201d, se\u00f1al\u00f3.<\/p>\n\n\n\n<p>(Informaci\u00f3n de Infobae M\u00e9xico)<\/p>\n","protected":false},"excerpt":{"rendered":"<p>Redacci\u00f3n\/Zona Roja Cdmx. Ciudad de M\u00e9xico, a 20 de diciembre de 2024.- El Servicio de&hellip;<\/p>\n","protected":false},"author":2,"featured_media":65705,"comment_status":"closed","ping_status":"open","sticky":false,"template":"","format":"standard","meta":{"_lmt_disableupdate":"","_lmt_disable":"","_jetpack_memberships_contains_paid_content":false,"footnotes":""},"categories":[109,47],"tags":[78],"class_list":["post-75710","post","type-post","status-publish","format-standard","has-post-thumbnail","hentry","category-minuto-a-minuto","category-zona-gris","tag-migrantes"],"jetpack_featured_media_url":"https:\/\/zonaroja.com.mx\/wp-content\/uploads\/2024\/02\/Migrantes-migracion.jpg","jetpack_sharing_enabled":true,"_links":{"self":[{"href":"https:\/\/zonaroja.com.mx\/index.php?rest_route=\/wp\/v2\/posts\/75710","targetHints":{"allow":["GET"]}}],"collection":[{"href":"https:\/\/zonaroja.com.mx\/index.php?rest_route=\/wp\/v2\/posts"}],"about":[{"href":"https:\/\/zonaroja.com.mx\/index.php?rest_route=\/wp\/v2\/types\/post"}],"author":[{"embeddable":true,"href":"https:\/\/zonaroja.com.mx\/index.php?rest_route=\/wp\/v2\/users\/2"}],"replies":[{"embeddable":true,"href":"https:\/\/zonaroja.com.mx\/index.php?rest_route=%2Fwp%2Fv2%2Fcomments&post=75710"}],"version-history":[{"count":1,"href":"https:\/\/zonaroja.com.mx\/index.php?rest_route=\/wp\/v2\/posts\/75710\/revisions"}],"predecessor-version":[{"id":75711,"href":"https:\/\/zonaroja.com.mx\/index.php?rest_route=\/wp\/v2\/posts\/75710\/revisions\/75711"}],"wp:featuredmedia":[{"embeddable":true,"href":"https:\/\/zonaroja.com.mx\/index.php?rest_route=\/wp\/v2\/media\/65705"}],"wp:attachment":[{"href":"https:\/\/zonaroja.com.mx\/index.php?rest_route=%2Fwp%2Fv2%2Fmedia&parent=75710"}],"wp:term":[{"taxonomy":"category","embeddable":true,"href":"https:\/\/zonaroja.com.mx\/index.php?rest_route=%2Fwp%2Fv2%2Fcategories&post=75710"},{"taxonomy":"post_tag","embeddable":true,"href":"https:\/\/zonaroja.com.mx\/index.php?rest_route=%2Fwp%2Fv2%2Ftags&post=75710"}],"curies":[{"name":"wp","href":"https:\/\/api.w.org\/{rel}","templated":true}]}}