{"id":75712,"date":"2024-12-21T10:00:00","date_gmt":"2024-12-21T16:00:00","guid":{"rendered":"https:\/\/zonaroja.com.mx\/?p=75712"},"modified":"2024-12-21T11:17:18","modified_gmt":"2024-12-21T17:17:18","slug":"fiscal-no-vamos-a-permitir-impunidad-en-ningun-acto-de-violencia-contra-la-mujer","status":"publish","type":"post","link":"https:\/\/zonaroja.com.mx\/?p=75712","title":{"rendered":"Fiscal: \u201cNo vamos a permitir impunidad en ning\u00fan acto de violencia contra la mujer\u201d"},"content":{"rendered":"\n<p>Ismael Garc\u00eda M.\/Zona Roja.<\/p>\n\n\n\n<p>Oaxaca de Ju\u00e1rez, Oax., a 21 de diciembre de 2024.- Ning\u00fan caso de violencia en contra de las mujeres quedar\u00e1 en la impunidad, garantiz\u00f3 el titular de la Fiscal\u00eda General del Estado de Oaxaca, Bernardo Rodr\u00edguez Alamilla.<\/p>\n\n\n\n<p>Ello en referencia a la reciente agresi\u00f3n a una mujer ind\u00edgena por parte del presidente municipal de San Pedro Ixtlahuaca, Roberto P\u00e9rez Delgado, y de una joven violentada por Mar\u00eda Elena R. O. y su hermana.<\/p>\n\n\n\n<p>\u201cNo vamos a permitir ning\u00fan acto de violencia contra la mujer, venga de quien venga\u201d, asegur\u00f3 el fiscal, al indicar que en el primer caso ya se abri\u00f3 la Carpeta de Investigaci\u00f3n respectiva y se contin\u00faa robusteciendo con diversos elementos.<\/p>\n\n\n\n<p>\u201cNo vamos a permitir que ning\u00fan acto de estos quede impune y que las personas se hagan responsables de sus actos\u201d, reiter\u00f3 Rodr\u00edguez Alamilla en entrevista colectiva. <\/p>\n\n\n\n<p>En el segundo caso, abund\u00f3 que continua el proceso de investigaci\u00f3n, con los testimonios y denuncias que se realicen, ademas de los videos que se dieron a conocer a trav\u00e9s de las redes sociales.<\/p>\n\n\n\n<p>Fue el mi\u00e9rcoles 18 de diciembre en que, de acuerdo con videos difundidos, el dil P\u00e9rez Delgado, candidato al Senado por el PVEM, agredi\u00f3 a una femenina, en el marco de un conflicto entre mototaxistas.<\/p>\n\n\n\n<p>El mismo d\u00eda pero por la tarde-noche, Mar\u00eda Elena R. O. y su hermana acudieron al hospital \u201cReforma\u201d de la capital, para acusar posible fuga de su presunto agresor, Juan Antonio V. C.<\/p>\n\n\n\n<p>En ese marco lleg\u00f3 una joven a la que acus\u00f3 de familiar del imputado y la agredi\u00f3 junto con su hermana e incluso le rompi\u00f3 la prenda \u00edntima a la v\u00edctima identificada como Andrea \u201cN\u201d.<\/p>\n","protected":false},"excerpt":{"rendered":"<p>Ismael Garc\u00eda M.\/Zona Roja. Oaxaca de Ju\u00e1rez, Oax., a 21 de diciembre de 2024.- Ning\u00fan&hellip;<\/p>\n","protected":false},"author":2,"featured_media":72736,"comment_status":"closed","ping_status":"open","sticky":false,"template":"","format":"standard","meta":{"_lmt_disableupdate":"","_lmt_disable":"","_jetpack_memberships_contains_paid_content":false,"footnotes":""},"categories":[109,46],"tags":[494],"class_list":["post-75712","post","type-post","status-publish","format-standard","has-post-thumbnail","hentry","category-minuto-a-minuto","category-zona-blanca","tag-fiscalia-general-del-estado-de-oaxaca"],"jetpack_featured_media_url":"https:\/\/zonaroja.com.mx\/wp-content\/uploads\/2024\/09\/Bernardo-Rodriguez-Alamilla.jpeg","jetpack_sharing_enabled":true,"_links":{"self":[{"href":"https:\/\/zonaroja.com.mx\/index.php?rest_route=\/wp\/v2\/posts\/75712","targetHints":{"allow":["GET"]}}],"collection":[{"href":"https:\/\/zonaroja.com.mx\/index.php?rest_route=\/wp\/v2\/posts"}],"about":[{"href":"https:\/\/zonaroja.com.mx\/index.php?rest_route=\/wp\/v2\/types\/post"}],"author":[{"embeddable":true,"href":"https:\/\/zonaroja.com.mx\/index.php?rest_route=\/wp\/v2\/users\/2"}],"replies":[{"embeddable":true,"href":"https:\/\/zonaroja.com.mx\/index.php?rest_route=%2Fwp%2Fv2%2Fcomments&post=75712"}],"version-history":[{"count":2,"href":"https:\/\/zonaroja.com.mx\/index.php?rest_route=\/wp\/v2\/posts\/75712\/revisions"}],"predecessor-version":[{"id":75721,"href":"https:\/\/zonaroja.com.mx\/index.php?rest_route=\/wp\/v2\/posts\/75712\/revisions\/75721"}],"wp:featuredmedia":[{"embeddable":true,"href":"https:\/\/zonaroja.com.mx\/index.php?rest_route=\/wp\/v2\/media\/72736"}],"wp:attachment":[{"href":"https:\/\/zonaroja.com.mx\/index.php?rest_route=%2Fwp%2Fv2%2Fmedia&parent=75712"}],"wp:term":[{"taxonomy":"category","embeddable":true,"href":"https:\/\/zonaroja.com.mx\/index.php?rest_route=%2Fwp%2Fv2%2Fcategories&post=75712"},{"taxonomy":"post_tag","embeddable":true,"href":"https:\/\/zonaroja.com.mx\/index.php?rest_route=%2Fwp%2Fv2%2Ftags&post=75712"}],"curies":[{"name":"wp","href":"https:\/\/api.w.org\/{rel}","templated":true}]}}