{"id":75716,"date":"2024-12-21T08:30:00","date_gmt":"2024-12-21T14:30:00","guid":{"rendered":"https:\/\/zonaroja.com.mx\/?p=75716"},"modified":"2024-12-21T07:57:53","modified_gmt":"2024-12-21T13:57:53","slug":"enesimo-ejecutado-a-balazos-en-juchitan-oaxaca","status":"publish","type":"post","link":"https:\/\/zonaroja.com.mx\/?p=75716","title":{"rendered":"En\u00e9simo ejecutado a balazos en Juchit\u00e1n, Oaxaca"},"content":{"rendered":"\n<p>Raymundo Morales\/Zona Roja.<\/p>\n\n\n\n<p>Oaxaca de Ju\u00e1rez, Oax., a 21 de diciembre de 2024.- La madrugada de este s\u00e1bado, una persona del sexo masculino fue ejecutada a balazos en el municipio de Juchit\u00e1n de Zaragoza.<\/p>\n\n\n\n<p>La v\u00edspera, en el municipio de Mat\u00edas Romero Avenda\u00f1o fueron ultimados a balazos dos individuos, en una vialidad del Barrio Nuevo.<\/p>\n\n\n\n<p>Con respecto al caso de este d\u00eda, la v\u00edctima fue identificada de manera preliminar como Gilberto M. L., de 41 a\u00f1os de edad, quien fue agredido a balazos afuera de su domicilio en en la Octava Secci\u00f3n de Juchit\u00e1n.<\/p>\n\n\n\n<p>Hasta el momento se desconoce qui\u00e9n o qui\u00e9nes lo privaron de la vida de manera violenta, cuando sal\u00eda de su casa, a la que pretendi\u00f3 regresar tras advertir a los delincuentes, pero no lo logr\u00f3.<\/p>\n\n\n\n<p>La Vicefiscal\u00eda Regional del Istmo, dependiente de la Fiscal\u00eda General del Estado de Oaxaca, indaga el caso y recaba las evidencias necesarias para dar con el paradero del o de los agresores.<\/p>\n","protected":false},"excerpt":{"rendered":"<p>Raymundo Morales\/Zona Roja. Oaxaca de Ju\u00e1rez, Oax., a 21 de diciembre de 2024.- La madrugada&hellip;<\/p>\n","protected":false},"author":2,"featured_media":73641,"comment_status":"closed","ping_status":"open","sticky":false,"template":"","format":"standard","meta":{"_lmt_disableupdate":"","_lmt_disable":"","_jetpack_memberships_contains_paid_content":false,"footnotes":""},"categories":[109,51],"tags":[123],"class_list":["post-75716","post","type-post","status-publish","format-standard","has-post-thumbnail","hentry","category-minuto-a-minuto","category-zona-roja","tag-juchitan-de-zaragoza"],"jetpack_featured_media_url":"https:\/\/zonaroja.com.mx\/wp-content\/uploads\/2024\/10\/Escena-balazos-balas-policiaca.jpg","jetpack_sharing_enabled":true,"_links":{"self":[{"href":"https:\/\/zonaroja.com.mx\/index.php?rest_route=\/wp\/v2\/posts\/75716","targetHints":{"allow":["GET"]}}],"collection":[{"href":"https:\/\/zonaroja.com.mx\/index.php?rest_route=\/wp\/v2\/posts"}],"about":[{"href":"https:\/\/zonaroja.com.mx\/index.php?rest_route=\/wp\/v2\/types\/post"}],"author":[{"embeddable":true,"href":"https:\/\/zonaroja.com.mx\/index.php?rest_route=\/wp\/v2\/users\/2"}],"replies":[{"embeddable":true,"href":"https:\/\/zonaroja.com.mx\/index.php?rest_route=%2Fwp%2Fv2%2Fcomments&post=75716"}],"version-history":[{"count":1,"href":"https:\/\/zonaroja.com.mx\/index.php?rest_route=\/wp\/v2\/posts\/75716\/revisions"}],"predecessor-version":[{"id":75717,"href":"https:\/\/zonaroja.com.mx\/index.php?rest_route=\/wp\/v2\/posts\/75716\/revisions\/75717"}],"wp:featuredmedia":[{"embeddable":true,"href":"https:\/\/zonaroja.com.mx\/index.php?rest_route=\/wp\/v2\/media\/73641"}],"wp:attachment":[{"href":"https:\/\/zonaroja.com.mx\/index.php?rest_route=%2Fwp%2Fv2%2Fmedia&parent=75716"}],"wp:term":[{"taxonomy":"category","embeddable":true,"href":"https:\/\/zonaroja.com.mx\/index.php?rest_route=%2Fwp%2Fv2%2Fcategories&post=75716"},{"taxonomy":"post_tag","embeddable":true,"href":"https:\/\/zonaroja.com.mx\/index.php?rest_route=%2Fwp%2Fv2%2Ftags&post=75716"}],"curies":[{"name":"wp","href":"https:\/\/api.w.org\/{rel}","templated":true}]}}