{"id":75718,"date":"2024-12-21T13:59:00","date_gmt":"2024-12-21T19:59:00","guid":{"rendered":"https:\/\/zonaroja.com.mx\/?p=75718"},"modified":"2024-12-21T08:01:05","modified_gmt":"2024-12-21T14:01:05","slug":"murat-precisa-el-caso-infonavit-y-culpa-a-su-ex-companero-priista","status":"publish","type":"post","link":"https:\/\/zonaroja.com.mx\/?p=75718","title":{"rendered":"Murat precisa el caso Infonavit y culpa a su ex compa\u00f1ero priista"},"content":{"rendered":"\n<p>Redacci\u00f3n\/Zona Roja Cdmx.<\/p>\n\n\n\n<p>Ciudad de M\u00e9xico, a 21 de diciembre de 2024.- El senador Alejandro Murat, exdirector de Infonavit, acus\u00f3 a su excorreligionario David Penchyna de haber realizado un pago \u00abindebido e inexplicable\u00bb por 5,000 millones de pesos cuando dirigi\u00f3 esa instituci\u00f3n durante el sexenio del expresidente Enrique Pe\u00f1a Nieto.<\/p>\n\n\n\n<p>\u00abDurante mi gesti\u00f3n, el instituto logr\u00f3 otorgar m\u00e1s de un mill\u00f3n y medio de cr\u00e9ditos y mantener finanzas con las m\u00e1s altas calificaciones. Fue la gesti\u00f3n de mi sucesor en el Instituto, David Penchyna, la que realiz\u00f3 un pago indebido e inexplicable por 5,000 millones de pesos\u00bb, se\u00f1al\u00f3.<\/p>\n\n\n\n<p>\u00abEsa ilegalidad fue sancionada por la Fiscal\u00eda General de la Rep\u00fablica y fueron aprehendidos el secretario general y el subdirector jur\u00eddico de esa administraci\u00f3n\u00bb, agreg\u00f3 Murat en el video subido a redes.<\/p>\n\n\n\n<p>El legislador morenista, quien antes estuvo en las filas del PRI, afirm\u00f3 que, como director de esa instituci\u00f3n (2012-2015) siempre trabaj\u00f3 apegado a la ley y guiado por los principios de honestidad, transparencia y buen gobierno.<\/p>\n\n\n\n<p>\u00abEl actuar de particulares, despachos, empresas y notarios, involucrados en el proceso de formalizaci\u00f3n de los cr\u00e9ditos siempre fue auditado por las \u00e1reas del instituto durante mi gesti\u00f3n, cualquier anomal\u00eda que fue detectada tuvo la sanci\u00f3n correspondiente\u00bb, recalc\u00f3.<\/p>\n\n\n\n<p>Esta semana, durante la ma\u00f1anera, Romero revel\u00f3 que durante el gobierno de Pe\u00f1a Nieto se cometieron actos de corrupci\u00f3n en esa instituci\u00f3n como indemnizaciones injustificadas, incumplimiento de contratos, triangulaci\u00f3n de recursos, financiamiento de viviendas que no fueron concluidas y reventa de propiedades.<\/p>\n\n\n\n<p>Romero afirm\u00f3 que en la red est\u00e1n involucrados trabajadores del Infonavit, notarios, despachos y peritos valuadores. Enlist\u00f3 una serie de casos en los que se detect\u00f3 que el Infonavit contrat\u00f3 servicios que nunca fueron prestados o concluidos.<\/p>\n\n\n\n<p>Por ejemplo, indic\u00f3 Romero, en 2014 se contrat\u00f3 a Telra Realty para habilitar una plataforma para administrar soluciones de vivienda de acreditados que cambiaban de lugar de residencia.<\/p>\n\n\n\n<p>El trabajo no se entreg\u00f3 y, en lugar de que se penalizara a la empresa, el Consejo de Administraci\u00f3n indemniz\u00f3 a los socios con 5,000 millones de pesos, de los cuales s\u00f3lo se han recuperado 2 mil.<\/p>\n\n\n\n<p>Durante la administraci\u00f3n del priista hubo dos titulares del Infonavit: Alejandro Murat Hinojosa (2012-2015) y David Penchyna (2015-2018).<\/p>\n\n\n\n<p>Murat argument\u00f3 que que, poco antes de dejar la direcci\u00f3n del Infonavit, inici\u00f3 las gestiones para crear un programa de movilidad hipotecaria para facilitar el intercambio de vivienda y crear el llamado \u00abmercado secundario\u00bb.<\/p>\n\n\n\n<p>\u00abEl programa fue aprobado en su momento por los comit\u00e9s y el consejo de administraci\u00f3n y, subrayo, no implicaba erogaci\u00f3n o contraprestaci\u00f3n alguna por parte del instituto, ya que el riesgo y costo eran responsabilidad de la empresa y lo desarrollar\u00eda\u00bb, apunt\u00f3.<\/p>\n\n\n\n<p>\u00abLa siguiente administraci\u00f3n (de Penchyna) le dio continuidad al programa, pero decidi\u00f3 cancelarlo m\u00e1s de medio a\u00f1o despu\u00e9s, lo cual era totalmente posible, sin ninguna responsabilidad o pago por parte del Infonavit. Durante mi gesti\u00f3n, ninguna obra realizada por ese programa tuvo denuncia alguna\u00bb, enfatiz\u00f3.<\/p>\n\n\n\n<p>(Informaci\u00f3n de \u201cExpansi\u00f3n Pol\u00edtica\u201d)<\/p>\n","protected":false},"excerpt":{"rendered":"<p>Redacci\u00f3n\/Zona Roja Cdmx. Ciudad de M\u00e9xico, a 21 de diciembre de 2024.- El senador Alejandro&hellip;<\/p>\n","protected":false},"author":2,"featured_media":75719,"comment_status":"closed","ping_status":"open","sticky":false,"template":"","format":"standard","meta":{"_lmt_disableupdate":"","_lmt_disable":"","_jetpack_memberships_contains_paid_content":false,"footnotes":""},"categories":[109,47],"tags":[102],"class_list":["post-75718","post","type-post","status-publish","format-standard","has-post-thumbnail","hentry","category-minuto-a-minuto","category-zona-gris","tag-alejandro-murat"],"jetpack_featured_media_url":"https:\/\/zonaroja.com.mx\/wp-content\/uploads\/2024\/12\/Alejandro-Murat-y-David-Penchyna.jpg","jetpack_sharing_enabled":true,"_links":{"self":[{"href":"https:\/\/zonaroja.com.mx\/index.php?rest_route=\/wp\/v2\/posts\/75718","targetHints":{"allow":["GET"]}}],"collection":[{"href":"https:\/\/zonaroja.com.mx\/index.php?rest_route=\/wp\/v2\/posts"}],"about":[{"href":"https:\/\/zonaroja.com.mx\/index.php?rest_route=\/wp\/v2\/types\/post"}],"author":[{"embeddable":true,"href":"https:\/\/zonaroja.com.mx\/index.php?rest_route=\/wp\/v2\/users\/2"}],"replies":[{"embeddable":true,"href":"https:\/\/zonaroja.com.mx\/index.php?rest_route=%2Fwp%2Fv2%2Fcomments&post=75718"}],"version-history":[{"count":1,"href":"https:\/\/zonaroja.com.mx\/index.php?rest_route=\/wp\/v2\/posts\/75718\/revisions"}],"predecessor-version":[{"id":75720,"href":"https:\/\/zonaroja.com.mx\/index.php?rest_route=\/wp\/v2\/posts\/75718\/revisions\/75720"}],"wp:featuredmedia":[{"embeddable":true,"href":"https:\/\/zonaroja.com.mx\/index.php?rest_route=\/wp\/v2\/media\/75719"}],"wp:attachment":[{"href":"https:\/\/zonaroja.com.mx\/index.php?rest_route=%2Fwp%2Fv2%2Fmedia&parent=75718"}],"wp:term":[{"taxonomy":"category","embeddable":true,"href":"https:\/\/zonaroja.com.mx\/index.php?rest_route=%2Fwp%2Fv2%2Fcategories&post=75718"},{"taxonomy":"post_tag","embeddable":true,"href":"https:\/\/zonaroja.com.mx\/index.php?rest_route=%2Fwp%2Fv2%2Ftags&post=75718"}],"curies":[{"name":"wp","href":"https:\/\/api.w.org\/{rel}","templated":true}]}}