{"id":7573,"date":"2020-01-11T18:05:15","date_gmt":"2020-01-12T00:05:15","guid":{"rendered":"http:\/\/www.zonaroja.com.mx\/?p=7573"},"modified":"2020-01-11T18:13:18","modified_gmt":"2020-01-12T00:13:18","slug":"denuncian-prepotencia-en-la-sspo-y-en-la-agencia-estatal-de-investigaciones","status":"publish","type":"post","link":"https:\/\/zonaroja.com.mx\/?p=7573","title":{"rendered":"Denuncian prepotencia en la SSPO y en la Agencia Estatal de Investigaciones"},"content":{"rendered":"\n<p>Redacci\u00f3n\/Zona Roja.<\/p>\n\n\n\n<p>Oaxaca de Ju\u00e1rez, Oax., 11\nde enero de 2020.- Dos actos de probable prepotencia y abuso de autoridad han\nmarcado en las \u00faltimas horas a las autoridades de la Secretar\u00eda de Seguridad\nP\u00fablica de Oaxaca (SSPO) y de la Fiscal\u00eda General del Estado.<\/p>\n\n\n\n<p>La tarde de este s\u00e1bado,\nsobre la avenida Hornos de Santa Luc\u00eda del Camino, el conductor de un coche &#8211;identificado\nde manera preliminar como \u00d3scar Gabriel Navarrete Arreola, seg\u00fan la foto que\ndifundi\u00f3 la dependencia&#8211; presuntamente choc\u00f3 con la camioneta blindada del\ntitular de la SSPO, Ra\u00fal Ernesto Salcedo.<\/p>\n\n\n\n<p>Supuestamente el chofer iba\nen estado de ebriedad y por lo cual al menos cinco motopatrulleros y escoltas,\nincluyendo al director de la Polic\u00eda Vial, David Antonio Toledo, llegaron al\nauxilio del funcionario.<\/p>\n\n\n\n<p>De inmediato cerraron la vialidad al tr\u00e1nsito vehicular, sacaron al individuo &#8211;supuesto ex polic\u00eda federal&#8211; de su coche, donde viajaba con su esposa e hija, y lo subieron a otra unidad de motor particular, tras esposarlo.<\/p>\n\n\n\n<figure class=\"wp-block-embed-twitter wp-block-embed is-type-rich is-provider-twitter\"><div class=\"wp-block-embed__wrapper\">\n<div class=\"twitter-tweet\"><blockquote class=\"twitter-tweet\" data-lang=\"es\"><p lang=\"es\" dir=\"ltr\">Presuntamente porque choc\u00f3 con la camioneta del titular de la <a href=\"https:\/\/twitter.com\/SSP_GobOax?ref_src=twsrc%5Etfw\">@SSP_GobOax<\/a>, Ra\u00fal Ernesto Salcedo, media decena de polic\u00edas armados y de civil, incluyendo el director de la <a href=\"https:\/\/twitter.com\/PolVial_GobOax?ref_src=twsrc%5Etfw\">@PolVial_GobOax<\/a>, David Antonio Jimenez, detuvieron con prepotencia a una persona, en Santa Luc\u00eda del Camino. <a href=\"https:\/\/t.co\/Si7piZ6V5V\">pic.twitter.com\/Si7piZ6V5V<\/a><\/p>&mdash; Zona Roja Oaxaca (@MexRoja) <a href=\"https:\/\/twitter.com\/MexRoja\/status\/1216116668465807361?ref_src=twsrc%5Etfw\">11 de enero de 2020<\/a><\/blockquote><\/div>\n<\/div><\/figure>\n\n\n\n<p>En tanto, Ra\u00fal Ernesto\nSalcedo permaneci\u00f3 en su unidad de motor; el detenido fue llevado a los separos\nde la SSPO donde, de acuerdo con el dictamen m\u00e9dico de la doctora Wendy Yadira\nSantiago Hern\u00e1ndez, \u00fanicamente presentaba 0.28 miligramos por litro de alcohol\nen el cuerpo y todas sus funciones f\u00edsicas se reportaron con normalidad.<\/p>\n\n\n\n<p>V\u00eda redes sociales, elementos de la Polic\u00eda Estatal se deslindaron de haber actuado en el percance y \u00fanicamente lo hicieron elementos de la Polic\u00eda Vial, que no aplicaron ning\u00fan protocolo de atenci\u00f3n ni al detenido ni a su familia, que inclu\u00eda a un menor de edad.<\/p>\n\n\n\n<figure class=\"wp-block-embed-twitter wp-block-embed is-type-rich is-provider-twitter\"><div class=\"wp-block-embed__wrapper\">\n<div class=\"twitter-tweet\"><blockquote class=\"twitter-tweet\" data-lang=\"es\"><p lang=\"es\" dir=\"ltr\"><a href=\"https:\/\/twitter.com\/hashtag\/OaxacaRojo?src=hash&amp;ref_src=twsrc%5Etfw\">#OaxacaRojo<\/a><br>En presunto estado de ebriedad, un elemento de la <a href=\"https:\/\/twitter.com\/AEI_Oaxaca?ref_src=twsrc%5Etfw\">@AEI_Oaxaca<\/a> <a href=\"https:\/\/twitter.com\/FISCALIA_GobOax?ref_src=twsrc%5Etfw\">@FISCALIA_GobOax<\/a>, Gabriel M. G., placa 0441, intent\u00f3 robar en una oficina de transporte en Asunci\u00f3n Nochixtl\u00e1n; fue detenido y golpeado por pobladores. Denuncian que us\u00f3 su arma de cargo para amenazar. <a href=\"https:\/\/t.co\/XzgzOdfsjN\">pic.twitter.com\/XzgzOdfsjN<\/a><\/p>&mdash; Zona Roja Oaxaca (@MexRoja) <a href=\"https:\/\/twitter.com\/MexRoja\/status\/1215855517022724097?ref_src=twsrc%5Etfw\">11 de enero de 2020<\/a><\/blockquote><\/div>\n<\/div><\/figure>\n\n\n\n<p>TAMBI\u00c9N AEI<\/p>\n\n\n\n<p>Por otra parte, anoche, en\nAsunci\u00f3n Nochixtl\u00e1n, un supuesto integrante de la Agencia Estatal de\nInvestigaciones (AEI), dependiente de la Fiscal\u00eda General del Estado, intent\u00f3\nasaltar, en estado de ebriedad, en la terminal de camionetas de transportes \u201cFlechador\ndel Sol\u201d.<\/p>\n\n\n\n<p>Incluso, el funcionario\nidentificado como Gabriel Manuel Gonz\u00e1lez, placa 0441, desenfund\u00f3 su arma, por\nlo cual fue detenido y golpeado por trabajadores del volante y ciudadanos, que\nincluso mostraron el arma de cargo que tra\u00eda.<\/p>\n\n\n\n<p>Al final fue entregado a la sede de la Fiscal\u00eda General en Nochixtl\u00e1n pero a condici\u00f3n de que se le aplicara un castigo ejemplar.<\/p>\n\n\n\n<figure class=\"wp-block-image\"><img decoding=\"async\" width=\"622\" height=\"922\" src=\"http:\/\/www.zonaroja.com.mx\/wp-content\/uploads\/2020\/01\/Accidente-SSPO-1.jpg\" alt=\"\" class=\"wp-image-7575\" srcset=\"https:\/\/zonaroja.com.mx\/wp-content\/uploads\/2020\/01\/Accidente-SSPO-1.jpg 622w, https:\/\/zonaroja.com.mx\/wp-content\/uploads\/2020\/01\/Accidente-SSPO-1-202x300.jpg 202w, https:\/\/zonaroja.com.mx\/wp-content\/uploads\/2020\/01\/Accidente-SSPO-1-585x867.jpg 585w\" sizes=\"(max-width: 622px) 100vw, 622px\" \/><\/figure>\n","protected":false},"excerpt":{"rendered":"<p>Redacci\u00f3n\/Zona Roja. Oaxaca de Ju\u00e1rez, Oax., 11 de enero de 2020.- Dos actos de probable&hellip;<\/p>\n","protected":false},"author":2,"featured_media":7574,"comment_status":"closed","ping_status":"open","sticky":false,"template":"","format":"standard","meta":{"_lmt_disableupdate":"","_lmt_disable":"","_jetpack_memberships_contains_paid_content":false,"footnotes":""},"categories":[109,47],"tags":[1267,175],"class_list":["post-7573","post","type-post","status-publish","format-standard","has-post-thumbnail","hentry","category-minuto-a-minuto","category-zona-gris","tag-policia-vial-estatal-de-oaxaca","tag-secretaria-de-seguridad-publica-de-oaxaca"],"jetpack_featured_media_url":"https:\/\/zonaroja.com.mx\/wp-content\/uploads\/2020\/01\/Accidente-SSPO-2.jpg","jetpack_sharing_enabled":true,"_links":{"self":[{"href":"https:\/\/zonaroja.com.mx\/index.php?rest_route=\/wp\/v2\/posts\/7573","targetHints":{"allow":["GET"]}}],"collection":[{"href":"https:\/\/zonaroja.com.mx\/index.php?rest_route=\/wp\/v2\/posts"}],"about":[{"href":"https:\/\/zonaroja.com.mx\/index.php?rest_route=\/wp\/v2\/types\/post"}],"author":[{"embeddable":true,"href":"https:\/\/zonaroja.com.mx\/index.php?rest_route=\/wp\/v2\/users\/2"}],"replies":[{"embeddable":true,"href":"https:\/\/zonaroja.com.mx\/index.php?rest_route=%2Fwp%2Fv2%2Fcomments&post=7573"}],"version-history":[{"count":1,"href":"https:\/\/zonaroja.com.mx\/index.php?rest_route=\/wp\/v2\/posts\/7573\/revisions"}],"predecessor-version":[{"id":7576,"href":"https:\/\/zonaroja.com.mx\/index.php?rest_route=\/wp\/v2\/posts\/7573\/revisions\/7576"}],"wp:featuredmedia":[{"embeddable":true,"href":"https:\/\/zonaroja.com.mx\/index.php?rest_route=\/wp\/v2\/media\/7574"}],"wp:attachment":[{"href":"https:\/\/zonaroja.com.mx\/index.php?rest_route=%2Fwp%2Fv2%2Fmedia&parent=7573"}],"wp:term":[{"taxonomy":"category","embeddable":true,"href":"https:\/\/zonaroja.com.mx\/index.php?rest_route=%2Fwp%2Fv2%2Fcategories&post=7573"},{"taxonomy":"post_tag","embeddable":true,"href":"https:\/\/zonaroja.com.mx\/index.php?rest_route=%2Fwp%2Fv2%2Ftags&post=7573"}],"curies":[{"name":"wp","href":"https:\/\/api.w.org\/{rel}","templated":true}]}}