{"id":75731,"date":"2024-12-22T07:30:00","date_gmt":"2024-12-22T13:30:00","guid":{"rendered":"https:\/\/zonaroja.com.mx\/?p=75731"},"modified":"2024-12-22T06:57:07","modified_gmt":"2024-12-22T12:57:07","slug":"en-guanajuato-8-ejecutados-en-sinaloa-cambian-a-secretario-pero-siguen-crimenes","status":"publish","type":"post","link":"https:\/\/zonaroja.com.mx\/?p=75731","title":{"rendered":"En Guanajuato, 8 ejecutados; en Sinaloa cambian a secretario pero siguen cr\u00edmenes"},"content":{"rendered":"\n<p>Redacci\u00f3n\/Zona Roja Cdmx.<\/p>\n\n\n\n<p>Ciudad de M\u00e9xico, a 22 de diciembre de 2024.- Mientras el gobernador de Sinaloa, Rub\u00e9n Rocha Moya, y el secretario de Seguridad y Protecci\u00f3n Ciudadana (SSPC), Omar Garc\u00eda Harfuch, designaban este s\u00e1bado al General de Brigada \u00d3scar Renter\u00eda Schazarino como nuevo titular de la Secretar\u00eda de Seguridad P\u00fablica (SSP) de Sinaloa, en Culiac\u00e1n se registraron tres cr\u00edmenes.<\/p>\n\n\n\n<p>Entre las v\u00edctimas se encuentra un menor de edad y los hechos ocurrieron alrededor de las 15:30 horas, en un domicilio de la zona oriente de la ciudad capital, asolada por el crimen organizado.<\/p>\n\n\n\n<p>Gerardo M\u00e9rida S\u00e1nchez present\u00f3 la v\u00edspera su renuncia al cargo de titular de Seguridad, mismo que hab\u00eda asumido el 4 de septiembre de 2023, en sustituci\u00f3n de Crist\u00f3bal Casta\u00f1eda Camarillo, quien dimiti\u00f3 al cargo el 25 de agosto de ese mismo a\u00f1o.<\/p>\n\n\n\n<p>El general Renter\u00eda Schazarino, originario de Villahermosa, Tabasco, se desempe\u00f1aba como comandante de la 43 Zona Militar, con sede en Apatzing\u00e1n, Michoac\u00e1n, y antes fue comandante de la Primera Zona Militar, en la Ciudad de M\u00e9xico.<\/p>\n\n\n\n<p>De acuerdo con fuentes extraoficiales, en poco m\u00e1s de 100 d\u00edas, se han cometido m\u00e1s de 600 asesinatos aa causa del enfrentamiento entre grupos del crimen organizado.<\/p>\n\n\n\n<p>Seg\u00fan Garc\u00eda Harfuch, a la fecha han sido detenidas m\u00e1s de 200 personas, se han asegurado m\u00e1s de 400 veh\u00edculos de los cuales 70 son blindados, m\u00e1s de 600 armas de alto poder, as\u00ed como granadas, explosivos, cantidades importantes de droga, entre ellas m\u00e1s de una tonelada de fentanilo.<\/p>\n\n\n\n<p>EN GUANAJUATO<\/p>\n\n\n\n<p>Otra jornada violenta se vivi\u00f3 en el estado de Guanajuato luego de que se registraron dos ataques armados contra personas durante la noche del viernes y la tarde de este s\u00e1bado, dejando un saldo de ocho muertos.<\/p>\n\n\n\n<p>El primer hecho ocurri\u00f3 cuando sujetos armados atacaron un autom\u00f3vil en calles del municipio del Valle de Santiago.<\/p>\n\n\n\n<p>De acuerdo con la Fiscal\u00eda General del Estado de Guanajuato, los hechos ocurrieron en la comunidad El Perico.<\/p>\n\n\n\n<p>Las v\u00edctimas fueron identificados como Miguel \u00c1ngel \u201cN\u201d, Jos\u00e9 Daniel \u201cN\u201d y dos m\u00e1s hombres que no han sido identificados. Se inform\u00f3 que por estos hechos tambi\u00e9n qued\u00f3 una persona lesionada.<\/p>\n\n\n\n<p>Sin bien el Ministerio P\u00fablico local no ha determinado la causa de muerte de estas personas, medios locales indicaron que las v\u00edctimas fueron emboscadas cuando transitaban en su veh\u00edculo la noche del viernes 20 de diciembre, cerca de la medianoche. Los agresores viajaban a bordo de una motocicleta.<\/p>\n\n\n\n<p>El hecho fue denunciado al 911 por los vecinos de la comunidad antes mencionada, por lo que elementos de la Comisar\u00eda de Seguridad P\u00fablica y de la Guardia Nacional llegaron al sitio para comenzar con las investigaciones.<\/p>\n\n\n\n<p>Se inform\u00f3 que las personas estaban heridas por arma de fuego y cuando llegaron los servicios m\u00e9dicos, cuatro de ya hab\u00edan fallecido. La persona lesionada fue trasladada a un hospital.<\/p>\n\n\n\n<p>El segundo hecho ocurri\u00f3 la tarde de este 21 de diciembre, cuando un grupo armado ingres\u00f3 a una vivienda y dispar\u00f3 contra una familia que se encontraba al interior en Irapuato.<\/p>\n\n\n\n<p>El peri\u00f3dico AM indic\u00f3 que la masacre ocurri\u00f3 alrededor de las 5:20 de la tarde. Los reportes refieren que los hechos se dieron en un domicilio de la calle Privada Adolfo L\u00f3pez Mateos en la colonia Ju\u00e1rez.<\/p>\n\n\n\n<p>En este ataque tres hombres y una mujer fueron asesinados. Un menor de edad tambi\u00e9n result\u00f3 herido de bala, por lo que fue trasladado para recibir atenci\u00f3n m\u00e9dica.<\/p>\n\n\n\n<p>Al lugar llegaron elementos de la Guardia Nacional y agentes de Investigaci\u00f3n Criminal de la Fiscal\u00eda General del Estado para dar pie a las indagatorias correspondientes.<\/p>\n\n\n\n<p>(Con informaci\u00f3n de Infobae M\u00e9xico)<\/p>\n","protected":false},"excerpt":{"rendered":"<p>Redacci\u00f3n\/Zona Roja Cdmx. Ciudad de M\u00e9xico, a 22 de diciembre de 2024.- Mientras el gobernador&hellip;<\/p>\n","protected":false},"author":2,"featured_media":75732,"comment_status":"closed","ping_status":"open","sticky":false,"template":"","format":"standard","meta":{"_lmt_disableupdate":"","_lmt_disable":"","_jetpack_memberships_contains_paid_content":false,"footnotes":""},"categories":[109,51],"tags":[3508],"class_list":["post-75731","post","type-post","status-publish","format-standard","has-post-thumbnail","hentry","category-minuto-a-minuto","category-zona-roja","tag-violencia-en-guanajuato"],"jetpack_featured_media_url":"https:\/\/zonaroja.com.mx\/wp-content\/uploads\/2024\/12\/Nuevo-secretario-de-seguridad-Sinaloa.jpg","jetpack_sharing_enabled":true,"_links":{"self":[{"href":"https:\/\/zonaroja.com.mx\/index.php?rest_route=\/wp\/v2\/posts\/75731","targetHints":{"allow":["GET"]}}],"collection":[{"href":"https:\/\/zonaroja.com.mx\/index.php?rest_route=\/wp\/v2\/posts"}],"about":[{"href":"https:\/\/zonaroja.com.mx\/index.php?rest_route=\/wp\/v2\/types\/post"}],"author":[{"embeddable":true,"href":"https:\/\/zonaroja.com.mx\/index.php?rest_route=\/wp\/v2\/users\/2"}],"replies":[{"embeddable":true,"href":"https:\/\/zonaroja.com.mx\/index.php?rest_route=%2Fwp%2Fv2%2Fcomments&post=75731"}],"version-history":[{"count":1,"href":"https:\/\/zonaroja.com.mx\/index.php?rest_route=\/wp\/v2\/posts\/75731\/revisions"}],"predecessor-version":[{"id":75733,"href":"https:\/\/zonaroja.com.mx\/index.php?rest_route=\/wp\/v2\/posts\/75731\/revisions\/75733"}],"wp:featuredmedia":[{"embeddable":true,"href":"https:\/\/zonaroja.com.mx\/index.php?rest_route=\/wp\/v2\/media\/75732"}],"wp:attachment":[{"href":"https:\/\/zonaroja.com.mx\/index.php?rest_route=%2Fwp%2Fv2%2Fmedia&parent=75731"}],"wp:term":[{"taxonomy":"category","embeddable":true,"href":"https:\/\/zonaroja.com.mx\/index.php?rest_route=%2Fwp%2Fv2%2Fcategories&post=75731"},{"taxonomy":"post_tag","embeddable":true,"href":"https:\/\/zonaroja.com.mx\/index.php?rest_route=%2Fwp%2Fv2%2Ftags&post=75731"}],"curies":[{"name":"wp","href":"https:\/\/api.w.org\/{rel}","templated":true}]}}